{"id":924,"date":"2019-12-12T08:59:33","date_gmt":"2019-12-12T08:59:33","guid":{"rendered":"http:\/\/www.donbosco.cz\/?p=924"},"modified":"2019-12-12T10:58:33","modified_gmt":"2019-12-12T10:58:33","slug":"beneficni-koncert-2","status":"publish","type":"post","link":"https:\/\/www.donbosco.cz\/index.php\/2019\/12\/12\/beneficni-koncert-2\/","title":{"rendered":"Benefi\u010dn\u00ed koncert"},"content":{"rendered":"<p>V \u00fater\u00fd 10.12. 2019 se pod patronac\u00ed pana kardin\u00e1la Dominika Duky uskute\u010dnila v reprezenta\u010dn\u00edch prostor\u00e1ch Arcibiskupsk\u00e9ho pal\u00e1ce benefice pro v\u00fdstavbu nov\u00e9 Logopedick\u00e9 \u0161koly sv. Ludmily v Klecanech. N\u00e1sledoval koncert v malostransk\u00e9m chr\u00e1mu sv. Mikul\u00e1\u0161e.<br \/>\nD\u011bkujeme v\u0161em po\u0159adatel\u016fm, d\u00e1rc\u016fm, \u00fa\u010dinkuj\u00edc\u00edm i host\u016fm za kr\u00e1sn\u00fd z\u00e1\u017eitek a nad\u011bji<\/p>\n<p>Daniela \u0160pinkov\u00e1 a v\u0161ichni mal\u00ed i velc\u00ed ze\u0161koly Don Bosco<\/p>\n<div><a href=\"http:\/\/www.donbosco.cz\/wp-content\/uploads\/2019\/12\/20191210_191126.jpg\"><img loading=\"lazy\" class=\"alignnone wp-image-925\" src=\"http:\/\/www.donbosco.cz\/wp-content\/uploads\/2019\/12\/20191210_191126-300x225.jpg\" alt=\"\" width=\"720\" height=\"540\" srcset=\"https:\/\/www.donbosco.cz\/wp-content\/uploads\/2019\/12\/20191210_191126-300x225.jpg 300w, https:\/\/www.donbosco.cz\/wp-content\/uploads\/2019\/12\/20191210_191126-768x576.jpg 768w, https:\/\/www.donbosco.cz\/wp-content\/uploads\/2019\/12\/20191210_191126.jpg 1008w\" sizes=\"(max-width: 720px) 100vw, 720px\" \/><\/a><\/div>\n<div><a href=\"http:\/\/www.donbosco.cz\/wp-content\/uploads\/2019\/12\/20191210192612jhimg3887.jpg\"><img loading=\"lazy\" class=\"alignnone wp-image-935\" src=\"http:\/\/www.donbosco.cz\/wp-content\/uploads\/2019\/12\/20191210192612jhimg3887-300x198.jpg\" alt=\"\" width=\"720\" height=\"476\" srcset=\"https:\/\/www.donbosco.cz\/wp-content\/uploads\/2019\/12\/20191210192612jhimg3887-300x198.jpg 300w, https:\/\/www.donbosco.cz\/wp-content\/uploads\/2019\/12\/20191210192612jhimg3887-768x508.jpg 768w, https:\/\/www.donbosco.cz\/wp-content\/uploads\/2019\/12\/20191210192612jhimg3887-1024x677.jpg 1024w, https:\/\/www.donbosco.cz\/wp-content\/uploads\/2019\/12\/20191210192612jhimg3887.jpg 1633w\" sizes=\"(max-width: 720px) 100vw, 720px\" \/><\/a><\/div>\n","protected":false},"excerpt":{"rendered":"<p>V \u00fater\u00fd 10.12. 2019 se pod patronac\u00ed pana kardin\u00e1la Dominika Duky uskute\u010dnila v reprezenta\u010dn\u00edch prostor\u00e1ch Arcibiskupsk\u00e9ho pal\u00e1ce benefice pro v\u00fdstavbu nov\u00e9 Logopedick\u00e9 \u0161koly sv. Ludmily v Klecanech. N\u00e1sledoval koncert v malostransk\u00e9m chr\u00e1mu sv. Mikul\u00e1\u0161e. D\u011bkujeme v\u0161em po\u0159adatel\u016fm, d\u00e1rc\u016fm, \u00fa\u010dinkuj\u00edc\u00edm i host\u016fm za kr\u00e1sn\u00fd z\u00e1\u017eitek a nad\u011bji Daniela \u0160pinkov\u00e1 a v\u0161ichni mal\u00ed i velc\u00ed ze\u0161koly Don &hellip; <\/p>\n<p class=\"link-more\"><a href=\"https:\/\/www.donbosco.cz\/index.php\/2019\/12\/12\/beneficni-koncert-2\/\" class=\"more-link\">Pokra\u010dovat ve \u010dten\u00ed<span class=\"screen-reader-text\"> &#8222;Benefi\u010dn\u00ed koncert&#8220;<\/span><\/a><\/p>\n","protected":false},"author":2,"featured_media":0,"comment_status":"open","ping_status":"open","sticky":false,"template":"","format":"standard","meta":[],"categories":[1],"tags":[],"_links":{"self":[{"href":"https:\/\/www.donbosco.cz\/index.php\/wp-json\/wp\/v2\/posts\/924"}],"collection":[{"href":"https:\/\/www.donbosco.cz\/index.php\/wp-json\/wp\/v2\/posts"}],"about":[{"href":"https:\/\/www.donbosco.cz\/index.php\/wp-json\/wp\/v2\/types\/post"}],"author":[{"embeddable":true,"href":"https:\/\/www.donbosco.cz\/index.php\/wp-json\/wp\/v2\/users\/2"}],"replies":[{"embeddable":true,"href":"https:\/\/www.donbosco.cz\/index.php\/wp-json\/wp\/v2\/comments?post=924"}],"version-history":[{"count":4,"href":"https:\/\/www.donbosco.cz\/index.php\/wp-json\/wp\/v2\/posts\/924\/revisions"}],"predecessor-version":[{"id":945,"href":"https:\/\/www.donbosco.cz\/index.php\/wp-json\/wp\/v2\/posts\/924\/revisions\/945"}],"wp:attachment":[{"href":"https:\/\/www.donbosco.cz\/index.php\/wp-json\/wp\/v2\/media?parent=924"}],"wp:term":[{"taxonomy":"category","embeddable":true,"href":"https:\/\/www.donbosco.cz\/index.php\/wp-json\/wp\/v2\/categories?post=924"},{"taxonomy":"post_tag","embeddable":true,"href":"https:\/\/www.donbosco.cz\/index.php\/wp-json\/wp\/v2\/tags?post=924"}],"curies":[{"name":"wp","href":"https:\/\/api.w.org\/{rel}","templated":true}]}}