{"id":5599,"date":"2026-04-28T07:03:32","date_gmt":"2026-04-28T07:03:32","guid":{"rendered":"https:\/\/www.donbosco.cz\/?p=5599"},"modified":"2026-04-28T07:04:35","modified_gmt":"2026-04-28T07:04:35","slug":"daniela-spinkova-o-promenach-skoly-i-nove-kapitole-v-klecanech","status":"publish","type":"post","link":"https:\/\/www.donbosco.cz\/index.php\/2026\/04\/28\/daniela-spinkova-o-promenach-skoly-i-nove-kapitole-v-klecanech\/","title":{"rendered":"Daniela \u0160pinkov\u00e1 o prom\u011bn\u00e1ch \u0161koly i nov\u00e9 kapitole v Klecanech"},"content":{"rendered":"\n<p>U\u017e 22 let \u00fasp\u011b\u0161n\u011b kormidluje \u0161kolu Daniela \u0160pinkov\u00e1, \u0159editelka C\u00edrkevn\u00ed z\u00e1kladn\u00ed \u0161koly logopedick\u00e9 Don Bosco. \u0160kola se po letech sv\u00e9ho p\u016fsoben\u00ed brzy vyd\u00e1 na novou cestu \u2014 \u010dek\u00e1 ji <a href=\"https:\/\/www.donbosco.cz\/index.php\/budoucnost-skoly\/\" target=\"_blank\" rel=\"noreferrer noopener\"><strong>st\u011bhov\u00e1n\u00ed do modern\u00edho are\u00e1lu<\/strong><\/a>, kter\u00fd pr\u00e1v\u011b vznik\u00e1 v nedalek\u00fdch Klecany.<\/p>\n\n\n\n<p>Jak se \u0161kola prom\u011b\u0148ovala v pr\u016fb\u011bhu let? Co stoj\u00ed za jej\u00edm jedine\u010dn\u00fdm p\u0159\u00edstupem? A jak\u00e9 v\u00fdzvy i nad\u011bje p\u0159in\u00e1\u0161\u00ed nadch\u00e1zej\u00edc\u00ed zm\u011bna?<\/p>\n\n\n\n<p>O tom v\u0161em se mluvilo v <strong>Radio Proglas<\/strong> v t\u00fdden\u00edku P\u0159ed kostelem, kter\u00fd p\u0159in\u00e1\u0161\u00ed rozhovory s inspirativn\u00edmi osobnostmi z k\u0159es\u0165ansk\u00e9ho prost\u0159ed\u00ed. <\/p>\n\n\n\n<p>Podcast si m\u016f\u017eete poslechnout <a rel=\"noreferrer noopener\" href=\"https:\/\/ceskepodcasty.cz\/podcast\/pred-kostelem\/cirkevni-skolstvi-logoskola\" target=\"_blank\">ZDE<\/a>.<\/p>\n\n\n\n<figure class=\"wp-block-image size-full is-resized\"><img loading=\"lazy\" src=\"https:\/\/www.donbosco.cz\/wp-content\/uploads\/2026\/04\/195113_42188664_1728474650970_e6a279daacc43_2ea8d203e6.webp\" alt=\"\" class=\"wp-image-5600\" width=\"196\" height=\"196\" srcset=\"https:\/\/www.donbosco.cz\/wp-content\/uploads\/2026\/04\/195113_42188664_1728474650970_e6a279daacc43_2ea8d203e6.webp 512w, https:\/\/www.donbosco.cz\/wp-content\/uploads\/2026\/04\/195113_42188664_1728474650970_e6a279daacc43_2ea8d203e6-300x300.webp 300w, https:\/\/www.donbosco.cz\/wp-content\/uploads\/2026\/04\/195113_42188664_1728474650970_e6a279daacc43_2ea8d203e6-150x150.webp 150w, https:\/\/www.donbosco.cz\/wp-content\/uploads\/2026\/04\/195113_42188664_1728474650970_e6a279daacc43_2ea8d203e6-100x100.webp 100w\" sizes=\"(max-width: 196px) 100vw, 196px\" \/><figcaption><em>Zdroj: https:\/\/ceskepodcasty.cz\/podcast\/pred-kostelem<\/em><\/figcaption><\/figure>\n","protected":false},"excerpt":{"rendered":"<p>U\u017e 22 let \u00fasp\u011b\u0161n\u011b kormidluje \u0161kolu Daniela \u0160pinkov\u00e1, \u0159editelka C\u00edrkevn\u00ed z\u00e1kladn\u00ed \u0161koly logopedick\u00e9 Don Bosco. \u0160kola se po letech sv\u00e9ho p\u016fsoben\u00ed brzy vyd\u00e1 na novou cestu \u2014 \u010dek\u00e1 ji st\u011bhov\u00e1n\u00ed do modern\u00edho are\u00e1lu, kter\u00fd pr\u00e1v\u011b vznik\u00e1 v nedalek\u00fdch Klecany. Jak se \u0161kola prom\u011b\u0148ovala v pr\u016fb\u011bhu let? Co stoj\u00ed za jej\u00edm jedine\u010dn\u00fdm p\u0159\u00edstupem? A jak\u00e9 v\u00fdzvy &hellip; <\/p>\n<p class=\"link-more\"><a href=\"https:\/\/www.donbosco.cz\/index.php\/2026\/04\/28\/daniela-spinkova-o-promenach-skoly-i-nove-kapitole-v-klecanech\/\" class=\"more-link\">Pokra\u010dovat ve \u010dten\u00ed<span class=\"screen-reader-text\"> &#8222;Daniela \u0160pinkov\u00e1 o prom\u011bn\u00e1ch \u0161koly i nov\u00e9 kapitole v Klecanech&#8220;<\/span><\/a><\/p>\n","protected":false},"author":6,"featured_media":0,"comment_status":"closed","ping_status":"","sticky":false,"template":"","format":"standard","meta":[],"categories":[1],"tags":[],"_links":{"self":[{"href":"https:\/\/www.donbosco.cz\/index.php\/wp-json\/wp\/v2\/posts\/5599"}],"collection":[{"href":"https:\/\/www.donbosco.cz\/index.php\/wp-json\/wp\/v2\/posts"}],"about":[{"href":"https:\/\/www.donbosco.cz\/index.php\/wp-json\/wp\/v2\/types\/post"}],"author":[{"embeddable":true,"href":"https:\/\/www.donbosco.cz\/index.php\/wp-json\/wp\/v2\/users\/6"}],"replies":[{"embeddable":true,"href":"https:\/\/www.donbosco.cz\/index.php\/wp-json\/wp\/v2\/comments?post=5599"}],"version-history":[{"count":2,"href":"https:\/\/www.donbosco.cz\/index.php\/wp-json\/wp\/v2\/posts\/5599\/revisions"}],"predecessor-version":[{"id":5602,"href":"https:\/\/www.donbosco.cz\/index.php\/wp-json\/wp\/v2\/posts\/5599\/revisions\/5602"}],"wp:attachment":[{"href":"https:\/\/www.donbosco.cz\/index.php\/wp-json\/wp\/v2\/media?parent=5599"}],"wp:term":[{"taxonomy":"category","embeddable":true,"href":"https:\/\/www.donbosco.cz\/index.php\/wp-json\/wp\/v2\/categories?post=5599"},{"taxonomy":"post_tag","embeddable":true,"href":"https:\/\/www.donbosco.cz\/index.php\/wp-json\/wp\/v2\/tags?post=5599"}],"curies":[{"name":"wp","href":"https:\/\/api.w.org\/{rel}","templated":true}]}}