{"id":4573,"date":"2025-08-29T04:43:29","date_gmt":"2025-08-29T04:43:29","guid":{"rendered":"https:\/\/www.donbosco.cz\/?p=4573"},"modified":"2025-08-29T04:43:29","modified_gmt":"2025-08-29T04:43:29","slug":"organizace-zacatku-skolniho-roku-2025-2026-czsl-don-bosco","status":"publish","type":"post","link":"https:\/\/www.donbosco.cz\/index.php\/2025\/08\/29\/organizace-zacatku-skolniho-roku-2025-2026-czsl-don-bosco\/","title":{"rendered":"Organizace za\u010d\u00e1tku \u0161koln\u00edho roku 2025\/2026 CZ\u0160L Don Bosco"},"content":{"rendered":"\n<p><strong>Pond\u011bl\u00ed 1. 9.<\/strong>     8:00 &#8211; 8:45 h     Zah\u00e1jen\u00ed \u0161koln\u00edho roku, t\u0159\u00eddn\u00ed sch\u016fzky   <\/p>\n\n\n\n<p>                                od 9:00 h     Intern\u00e1t &#8211; individu\u00e1ln\u00ed sch\u016fzky s rodi\u010di<\/p>\n\n\n\n<p>\u0160koln\u00ed dru\u017eina od 2. 9. na z\u00e1klad\u011b vypln\u011bn\u00e9 a podepsan\u00e9 p\u0159ihl\u00e1\u0161ky<\/p>\n\n\n\n<p>Ob\u011bdy budou vyd\u00e1v\u00e1ny od 2. 9.<\/p>\n\n\n\n<p><strong>\u00dater\u00fd 2. 9. &#8211; \u010dtvrtek 4. 9.<\/strong><\/p>\n\n\n\n<p>Vyu\u010dov\u00e1n\u00ed do 11:40 h<\/p>\n\n\n\n<p>Rann\u00ed dru\u017eina    7:00 &#8211; 8:00 h<\/p>\n\n\n\n<p>Odpoledn\u00ed dru\u017eina do 16:30 h<\/p>\n\n\n\n<p><strong>P\u00e1tek 5. 9.<\/strong><\/p>\n\n\n\n<p>Vyu\u010dov\u00e1n\u00ed podle rozvrhu<\/p>\n\n\n\n<p><strong>T\u00fdden 8. 9. &#8211; 12. 9.<\/strong><\/p>\n\n\n\n<p>I. stupe\u0148     T\u00fdden ILP     vyu\u010dov\u00e1n\u00ed do 11:40 h<\/p>\n\n\n\n<p>II. stupe\u0148     vyu\u010dov\u00e1n\u00ed podle rozvrhu<\/p>\n","protected":false},"excerpt":{"rendered":"<p>Pond\u011bl\u00ed 1. 9. 8:00 &#8211; 8:45 h Zah\u00e1jen\u00ed \u0161koln\u00edho roku, t\u0159\u00eddn\u00ed sch\u016fzky od 9:00 h Intern\u00e1t &#8211; individu\u00e1ln\u00ed sch\u016fzky s rodi\u010di \u0160koln\u00ed dru\u017eina od 2. 9. na z\u00e1klad\u011b vypln\u011bn\u00e9 a podepsan\u00e9 p\u0159ihl\u00e1\u0161ky Ob\u011bdy budou vyd\u00e1v\u00e1ny od 2. 9. \u00dater\u00fd 2. 9. &#8211; \u010dtvrtek 4. 9. Vyu\u010dov\u00e1n\u00ed do 11:40 h Rann\u00ed dru\u017eina 7:00 &#8211; 8:00 h &hellip; <\/p>\n<p class=\"link-more\"><a href=\"https:\/\/www.donbosco.cz\/index.php\/2025\/08\/29\/organizace-zacatku-skolniho-roku-2025-2026-czsl-don-bosco\/\" class=\"more-link\">Pokra\u010dovat ve \u010dten\u00ed<span class=\"screen-reader-text\"> &#8222;Organizace za\u010d\u00e1tku \u0161koln\u00edho roku 2025\/2026 CZ\u0160L Don Bosco&#8220;<\/span><\/a><\/p>\n","protected":false},"author":5,"featured_media":0,"comment_status":"closed","ping_status":"","sticky":false,"template":"","format":"standard","meta":[],"categories":[1],"tags":[],"_links":{"self":[{"href":"https:\/\/www.donbosco.cz\/index.php\/wp-json\/wp\/v2\/posts\/4573"}],"collection":[{"href":"https:\/\/www.donbosco.cz\/index.php\/wp-json\/wp\/v2\/posts"}],"about":[{"href":"https:\/\/www.donbosco.cz\/index.php\/wp-json\/wp\/v2\/types\/post"}],"author":[{"embeddable":true,"href":"https:\/\/www.donbosco.cz\/index.php\/wp-json\/wp\/v2\/users\/5"}],"replies":[{"embeddable":true,"href":"https:\/\/www.donbosco.cz\/index.php\/wp-json\/wp\/v2\/comments?post=4573"}],"version-history":[{"count":1,"href":"https:\/\/www.donbosco.cz\/index.php\/wp-json\/wp\/v2\/posts\/4573\/revisions"}],"predecessor-version":[{"id":4574,"href":"https:\/\/www.donbosco.cz\/index.php\/wp-json\/wp\/v2\/posts\/4573\/revisions\/4574"}],"wp:attachment":[{"href":"https:\/\/www.donbosco.cz\/index.php\/wp-json\/wp\/v2\/media?parent=4573"}],"wp:term":[{"taxonomy":"category","embeddable":true,"href":"https:\/\/www.donbosco.cz\/index.php\/wp-json\/wp\/v2\/categories?post=4573"},{"taxonomy":"post_tag","embeddable":true,"href":"https:\/\/www.donbosco.cz\/index.php\/wp-json\/wp\/v2\/tags?post=4573"}],"curies":[{"name":"wp","href":"https:\/\/api.w.org\/{rel}","templated":true}]}}