{"id":4180,"date":"2024-08-29T13:41:19","date_gmt":"2024-08-29T13:41:19","guid":{"rendered":"https:\/\/www.donbosco.cz\/?p=4180"},"modified":"2026-02-01T08:02:16","modified_gmt":"2026-02-01T08:02:16","slug":"organizace-1-a-2-tydne-skolniho-roku-2024-2025-czsl-don-bosco","status":"publish","type":"post","link":"https:\/\/www.donbosco.cz\/index.php\/2024\/08\/29\/organizace-1-a-2-tydne-skolniho-roku-2024-2025-czsl-don-bosco\/","title":{"rendered":"Organizace 1. a 2. t\u00fddne \u0161koln\u00edho roku 2024\/2025 CZ\u0160L Don Bosco"},"content":{"rendered":"\n<p>2. 9.     8:00 &#8211; 9:00 h.   Zah\u00e1jen\u00ed \u0161koln\u00edho roku, t\u0159\u00eddn\u00ed sch\u016fzky individu\u00e1ln\u00ed<\/p>\n\n\n\n<p>              Intern\u00e1t &#8211; od 9:00 h.    Sch\u016fzka s rodi\u010di<\/p>\n\n\n\n<p>Ob\u011bdy budou vyd\u00e1v\u00e1ny od 3. 9. <\/p>\n\n\n\n<p>3. 9.     Vyu\u010dov\u00e1n\u00ed     8:00 &#8211; 11:40 h.<\/p>\n\n\n\n<ol><li>stupe\u0148     3. 9. &#8211; 6. 9.     Vyu\u010dov\u00e1n\u00ed     8:00 &#8211; 11:40 h.   t\u0159\u00eddn\u00ed u\u010ditel\u00e9 ve sv\u00fdch t\u0159\u00edd\u00e1ch<\/li><li>stupe\u0148     3. 9. &#8211; 6. 9.     Vyu\u010dov\u00e1n\u00ed     8:00 &#8211; 11:40 h.   t\u0159\u00eddn\u00ed u\u010ditel\u00e9 ve sv\u00fdch t\u0159\u00edd\u00e1ch <\/li><\/ol>\n\n\n\n<p>Dru\u017eina: od 3. 9. <\/p>\n\n\n\n<p>Rann\u00ed dru\u017eina     7:00 &#8211; 8:00 h.    oba objekty<\/p>\n\n\n\n<p>Odpoledn\u00ed dru\u017eina     Le\u0161ensk\u00e1 548   do 16:30 h.<\/p>\n\n\n\n<p>                                             Dol\u00e1kova 555\/1   do 16:30 h.<\/p>\n\n\n\n<p>9. 9. &#8211; 13. 9.<\/p>\n\n\n\n<p>T\u00fdden ILP   1. &#8211; 5. t\u0159\u00eddy, t\u0159\u00eddn\u00ed u\u010ditel\u00e9 ve sv\u00fdch t\u0159\u00edd\u00e1ch<\/p>\n\n\n\n<p>6. &#8211; 9. t\u0159\u00eddy vyu\u010dov\u00e1n\u00ed podle rozvrhu do konce 1. pololet\u00ed \u0161koln\u00edho roku<\/p>\n\n\n\n<p><\/p>\n","protected":false},"excerpt":{"rendered":"<p>2. 9. 8:00 &#8211; 9:00 h. Zah\u00e1jen\u00ed \u0161koln\u00edho roku, t\u0159\u00eddn\u00ed sch\u016fzky individu\u00e1ln\u00ed Intern\u00e1t &#8211; od 9:00 h. Sch\u016fzka s rodi\u010di Ob\u011bdy budou vyd\u00e1v\u00e1ny od 3. 9. 3. 9. Vyu\u010dov\u00e1n\u00ed 8:00 &#8211; 11:40 h. stupe\u0148 3. 9. &#8211; 6. 9. Vyu\u010dov\u00e1n\u00ed 8:00 &#8211; 11:40 h. t\u0159\u00eddn\u00ed u\u010ditel\u00e9 ve sv\u00fdch t\u0159\u00edd\u00e1ch stupe\u0148 3. 9. &#8211; 6. 9. &hellip; <\/p>\n<p class=\"link-more\"><a href=\"https:\/\/www.donbosco.cz\/index.php\/2024\/08\/29\/organizace-1-a-2-tydne-skolniho-roku-2024-2025-czsl-don-bosco\/\" class=\"more-link\">Pokra\u010dovat ve \u010dten\u00ed<span class=\"screen-reader-text\"> &#8222;Organizace 1. a 2. t\u00fddne \u0161koln\u00edho roku 2024\/2025 CZ\u0160L Don Bosco&#8220;<\/span><\/a><\/p>\n","protected":false},"author":5,"featured_media":0,"comment_status":"closed","ping_status":"","sticky":false,"template":"","format":"standard","meta":[],"categories":[8,1],"tags":[],"_links":{"self":[{"href":"https:\/\/www.donbosco.cz\/index.php\/wp-json\/wp\/v2\/posts\/4180"}],"collection":[{"href":"https:\/\/www.donbosco.cz\/index.php\/wp-json\/wp\/v2\/posts"}],"about":[{"href":"https:\/\/www.donbosco.cz\/index.php\/wp-json\/wp\/v2\/types\/post"}],"author":[{"embeddable":true,"href":"https:\/\/www.donbosco.cz\/index.php\/wp-json\/wp\/v2\/users\/5"}],"replies":[{"embeddable":true,"href":"https:\/\/www.donbosco.cz\/index.php\/wp-json\/wp\/v2\/comments?post=4180"}],"version-history":[{"count":1,"href":"https:\/\/www.donbosco.cz\/index.php\/wp-json\/wp\/v2\/posts\/4180\/revisions"}],"predecessor-version":[{"id":4181,"href":"https:\/\/www.donbosco.cz\/index.php\/wp-json\/wp\/v2\/posts\/4180\/revisions\/4181"}],"wp:attachment":[{"href":"https:\/\/www.donbosco.cz\/index.php\/wp-json\/wp\/v2\/media?parent=4180"}],"wp:term":[{"taxonomy":"category","embeddable":true,"href":"https:\/\/www.donbosco.cz\/index.php\/wp-json\/wp\/v2\/categories?post=4180"},{"taxonomy":"post_tag","embeddable":true,"href":"https:\/\/www.donbosco.cz\/index.php\/wp-json\/wp\/v2\/tags?post=4180"}],"curies":[{"name":"wp","href":"https:\/\/api.w.org\/{rel}","templated":true}]}}