{"id":3192,"date":"2023-05-27T08:00:47","date_gmt":"2023-05-27T08:00:47","guid":{"rendered":"https:\/\/www.donbosco.cz\/?p=3192"},"modified":"2026-02-01T08:04:01","modified_gmt":"2026-02-01T08:04:01","slug":"vyroci-zalozeni-nasi-skoly","status":"publish","type":"post","link":"https:\/\/www.donbosco.cz\/index.php\/2023\/05\/27\/vyroci-zalozeni-nasi-skoly\/","title":{"rendered":"V\u00fdro\u010d\u00ed zalo\u017een\u00ed na\u0161\u00ed \u0161koly"},"content":{"rendered":"\n<p><strong>Mil\u00ed kolegov\u00e9, mil\u00e9 d\u011bti, mil\u00ed rodi\u010de,<\/strong><\/p>\n\n\n\n<p><strong>1. \u010dervna 2023 si p\u0159ipomeneme neuv\u011b\u0159iteln\u00e9 77. v\u00fdro\u010d\u00ed zalo\u017een\u00ed na\u0161\u00ed logopedick\u00e9 \u0161koly. 1.6.1945 vznikla jako prvn\u00ed v\u00a0Evrop\u011b samostatn\u00e1 \u0161kola pro d\u011bti s\u00a0poruchami \u0159e\u010di, byla um\u00edst\u011bna do Grabovy vily v\u00a0Praze Libni a \u0159editelem se stal Josef Z\u00edma (tat\u00ednek zn\u00e1m\u00e9ho \u010desk\u00e9ho zp\u011bv\u00e1ka). \u0160kola pro\u017eila mnoho dobr\u00e9ho i zl\u00e9ho, n\u011bkolikr\u00e1t se musela st\u011bhovat, ale p\u0159esto se j\u00ed poda\u0159ilo pomoci stovk\u00e1m d\u011bt\u00ed s\u00a0naru\u0161enou komunika\u010dn\u00ed schopnost\u00ed. Vzpom\u00edn\u00e1me na v\u0161echny dobr\u00e9 \u0159editele, u\u010ditele, vychovatele a ostatn\u00ed pracovn\u00edky, kte\u0159\u00ed \u0161kolu formovali a v\u011bnovali j\u00ed \u010d\u00e1st sv\u00e9ho \u017eivota. P\u0159ejeme na\u0161\u00ed \u0161kole do budoucna nejen novou, modern\u00ed, kr\u00e1snou budovu v\u00a0Klecanech, ale hlavn\u011b spoustu b\u00e1je\u010dn\u00fdch, nad\u0161en\u00fdch lid\u00ed, kte\u0159\u00ed napln\u00ed jej\u00ed posl\u00e1n\u00ed.<\/strong><\/p>\n\n\n\n<p><strong>Oslavte i Vy narozeniny sv\u00e9 \u0161koly, a\u0165 u\u017e dort\u00edkem, p\u0159\u00edpitkem, nebo tajn\u00fdm p\u0159\u00e1n\u00edm\u2026<\/strong><\/p>\n\n\n\n<p><strong>S&nbsp;l\u00e1skou a vd\u011bkem<\/strong><\/p>\n\n\n\n<p><strong>Mgr. Daniela \u0160pinkov\u00e1<\/strong><\/p>\n\n\n\n<p><strong><em>\u0159editelka \u0161koly<\/em><\/strong><\/p>\n\n\n\n<figure class=\"wp-block-gallery columns-2 is-cropped\"><ul class=\"blocks-gallery-grid\"><li class=\"blocks-gallery-item\"><figure><img loading=\"lazy\" width=\"1024\" height=\"768\" src=\"http:\/\/www.donbosco.cz\/wp-content\/uploads\/2023\/05\/Vyroci-skoly-1-1024x768.jpg\" alt=\"\" data-id=\"3190\" data-full-url=\"http:\/\/www.donbosco.cz\/wp-content\/uploads\/2023\/05\/Vyroci-skoly-1.jpg\" data-link=\"https:\/\/www.donbosco.cz\/vyroci-skoly-1\/\" class=\"wp-image-3190\" srcset=\"https:\/\/www.donbosco.cz\/wp-content\/uploads\/2023\/05\/Vyroci-skoly-1-1024x768.jpg 1024w, https:\/\/www.donbosco.cz\/wp-content\/uploads\/2023\/05\/Vyroci-skoly-1-300x225.jpg 300w, https:\/\/www.donbosco.cz\/wp-content\/uploads\/2023\/05\/Vyroci-skoly-1-768x576.jpg 768w, https:\/\/www.donbosco.cz\/wp-content\/uploads\/2023\/05\/Vyroci-skoly-1-1536x1152.jpg 1536w, https:\/\/www.donbosco.cz\/wp-content\/uploads\/2023\/05\/Vyroci-skoly-1.jpg 1920w\" sizes=\"(max-width: 767px) 89vw, (max-width: 1000px) 54vw, (max-width: 1071px) 543px, 580px\" \/><\/figure><\/li><li class=\"blocks-gallery-item\"><figure><img loading=\"lazy\" width=\"1024\" height=\"768\" src=\"http:\/\/www.donbosco.cz\/wp-content\/uploads\/2023\/05\/Vyroci-skoly-2-1024x768.jpg\" alt=\"\" data-id=\"3189\" data-full-url=\"http:\/\/www.donbosco.cz\/wp-content\/uploads\/2023\/05\/Vyroci-skoly-2.jpg\" data-link=\"https:\/\/www.donbosco.cz\/vyroci-skoly-2\/\" class=\"wp-image-3189\" srcset=\"https:\/\/www.donbosco.cz\/wp-content\/uploads\/2023\/05\/Vyroci-skoly-2-1024x768.jpg 1024w, https:\/\/www.donbosco.cz\/wp-content\/uploads\/2023\/05\/Vyroci-skoly-2-300x225.jpg 300w, https:\/\/www.donbosco.cz\/wp-content\/uploads\/2023\/05\/Vyroci-skoly-2-768x576.jpg 768w, https:\/\/www.donbosco.cz\/wp-content\/uploads\/2023\/05\/Vyroci-skoly-2-1536x1152.jpg 1536w, https:\/\/www.donbosco.cz\/wp-content\/uploads\/2023\/05\/Vyroci-skoly-2.jpg 1920w\" sizes=\"(max-width: 767px) 89vw, (max-width: 1000px) 54vw, (max-width: 1071px) 543px, 580px\" \/><\/figure><\/li><\/ul><\/figure>\n","protected":false},"excerpt":{"rendered":"<p>Mil\u00ed kolegov\u00e9, mil\u00e9 d\u011bti, mil\u00ed rodi\u010de, 1. \u010dervna 2023 si p\u0159ipomeneme neuv\u011b\u0159iteln\u00e9 77. v\u00fdro\u010d\u00ed zalo\u017een\u00ed na\u0161\u00ed logopedick\u00e9 \u0161koly. 1.6.1945 vznikla jako prvn\u00ed v\u00a0Evrop\u011b samostatn\u00e1 \u0161kola pro d\u011bti s\u00a0poruchami \u0159e\u010di, byla um\u00edst\u011bna do Grabovy vily v\u00a0Praze Libni a \u0159editelem se stal Josef Z\u00edma (tat\u00ednek zn\u00e1m\u00e9ho \u010desk\u00e9ho zp\u011bv\u00e1ka). \u0160kola pro\u017eila mnoho dobr\u00e9ho i zl\u00e9ho, n\u011bkolikr\u00e1t se musela &hellip; <\/p>\n<p class=\"link-more\"><a href=\"https:\/\/www.donbosco.cz\/index.php\/2023\/05\/27\/vyroci-zalozeni-nasi-skoly\/\" class=\"more-link\">Pokra\u010dovat ve \u010dten\u00ed<span class=\"screen-reader-text\"> &#8222;V\u00fdro\u010d\u00ed zalo\u017een\u00ed na\u0161\u00ed \u0161koly&#8220;<\/span><\/a><\/p>\n","protected":false},"author":5,"featured_media":0,"comment_status":"closed","ping_status":"","sticky":false,"template":"","format":"standard","meta":[],"categories":[8,1],"tags":[],"_links":{"self":[{"href":"https:\/\/www.donbosco.cz\/index.php\/wp-json\/wp\/v2\/posts\/3192"}],"collection":[{"href":"https:\/\/www.donbosco.cz\/index.php\/wp-json\/wp\/v2\/posts"}],"about":[{"href":"https:\/\/www.donbosco.cz\/index.php\/wp-json\/wp\/v2\/types\/post"}],"author":[{"embeddable":true,"href":"https:\/\/www.donbosco.cz\/index.php\/wp-json\/wp\/v2\/users\/5"}],"replies":[{"embeddable":true,"href":"https:\/\/www.donbosco.cz\/index.php\/wp-json\/wp\/v2\/comments?post=3192"}],"version-history":[{"count":1,"href":"https:\/\/www.donbosco.cz\/index.php\/wp-json\/wp\/v2\/posts\/3192\/revisions"}],"predecessor-version":[{"id":3193,"href":"https:\/\/www.donbosco.cz\/index.php\/wp-json\/wp\/v2\/posts\/3192\/revisions\/3193"}],"wp:attachment":[{"href":"https:\/\/www.donbosco.cz\/index.php\/wp-json\/wp\/v2\/media?parent=3192"}],"wp:term":[{"taxonomy":"category","embeddable":true,"href":"https:\/\/www.donbosco.cz\/index.php\/wp-json\/wp\/v2\/categories?post=3192"},{"taxonomy":"post_tag","embeddable":true,"href":"https:\/\/www.donbosco.cz\/index.php\/wp-json\/wp\/v2\/tags?post=3192"}],"curies":[{"name":"wp","href":"https:\/\/api.w.org\/{rel}","templated":true}]}}