{"id":2925,"date":"2023-01-29T09:29:50","date_gmt":"2023-01-29T09:29:50","guid":{"rendered":"https:\/\/www.donbosco.cz\/?p=2925"},"modified":"2026-02-01T08:04:01","modified_gmt":"2026-02-01T08:04:01","slug":"na-vystave-korunovacnich-klenotu","status":"publish","type":"post","link":"https:\/\/www.donbosco.cz\/index.php\/2023\/01\/29\/na-vystave-korunovacnich-klenotu\/","title":{"rendered":"Na v\u00fdstav\u011b korunova\u010dn\u00edch klenot\u016f"},"content":{"rendered":"\n<p>V \u00fater\u00fd 24.1.2023 jsme d\u00edky \u010destn\u00fdm vstupenk\u00e1m od prezidentsk\u00e9 kancel\u00e1\u0159e mohli brzy r\u00e1no p\u0159ed otv\u00edrac\u00ed hodinou nav\u0161t\u00edvit Katedr\u00e1lu sv. V\u00edta, V\u00e1clava a Vojt\u011bcha s vystaven\u00fdmi korunova\u010dn\u00edmi klenoty a lebkou sv. V\u00e1clava. Za nezapomenuteln\u00fd z\u00e1\u017eitek d\u011bkuj\u00ed \u017e\u00e1ci 7.,8. a 9. ro\u010dn\u00edku se sv\u00fdmi pedagogy.<\/p>\n\n\n\n<figure class=\"wp-block-gallery columns-3 is-cropped\"><ul class=\"blocks-gallery-grid\"><li class=\"blocks-gallery-item\"><figure><img loading=\"lazy\" width=\"1024\" height=\"577\" src=\"http:\/\/www.donbosco.cz\/wp-content\/uploads\/2023\/01\/DSC_1657-1024x577.jpg\" alt=\"\" data-id=\"2924\" data-full-url=\"http:\/\/www.donbosco.cz\/wp-content\/uploads\/2023\/01\/DSC_1657-scaled.jpg\" data-link=\"https:\/\/www.donbosco.cz\/dsc_1657\/\" class=\"wp-image-2924\" srcset=\"https:\/\/www.donbosco.cz\/wp-content\/uploads\/2023\/01\/DSC_1657-1024x577.jpg 1024w, https:\/\/www.donbosco.cz\/wp-content\/uploads\/2023\/01\/DSC_1657-300x169.jpg 300w, https:\/\/www.donbosco.cz\/wp-content\/uploads\/2023\/01\/DSC_1657-768x433.jpg 768w, https:\/\/www.donbosco.cz\/wp-content\/uploads\/2023\/01\/DSC_1657-1536x866.jpg 1536w, https:\/\/www.donbosco.cz\/wp-content\/uploads\/2023\/01\/DSC_1657-2048x1154.jpg 2048w\" sizes=\"(max-width: 767px) 89vw, (max-width: 1000px) 54vw, (max-width: 1071px) 543px, 580px\" \/><\/figure><\/li><li class=\"blocks-gallery-item\"><figure><img loading=\"lazy\" width=\"1024\" height=\"577\" src=\"http:\/\/www.donbosco.cz\/wp-content\/uploads\/2023\/01\/DSC_1647-1024x577.jpg\" alt=\"\" data-id=\"2923\" data-full-url=\"http:\/\/www.donbosco.cz\/wp-content\/uploads\/2023\/01\/DSC_1647-scaled.jpg\" data-link=\"https:\/\/www.donbosco.cz\/dsc_1647\/\" class=\"wp-image-2923\" srcset=\"https:\/\/www.donbosco.cz\/wp-content\/uploads\/2023\/01\/DSC_1647-1024x577.jpg 1024w, https:\/\/www.donbosco.cz\/wp-content\/uploads\/2023\/01\/DSC_1647-300x169.jpg 300w, https:\/\/www.donbosco.cz\/wp-content\/uploads\/2023\/01\/DSC_1647-768x433.jpg 768w, https:\/\/www.donbosco.cz\/wp-content\/uploads\/2023\/01\/DSC_1647-1536x866.jpg 1536w, https:\/\/www.donbosco.cz\/wp-content\/uploads\/2023\/01\/DSC_1647-2048x1154.jpg 2048w\" sizes=\"(max-width: 767px) 89vw, (max-width: 1000px) 54vw, (max-width: 1071px) 543px, 580px\" \/><\/figure><\/li><li class=\"blocks-gallery-item\"><figure><img loading=\"lazy\" width=\"1024\" height=\"577\" src=\"http:\/\/www.donbosco.cz\/wp-content\/uploads\/2023\/01\/DSC_1622-1024x577.jpg\" alt=\"\" data-id=\"2922\" data-full-url=\"http:\/\/www.donbosco.cz\/wp-content\/uploads\/2023\/01\/DSC_1622-scaled.jpg\" data-link=\"https:\/\/www.donbosco.cz\/dsc_1622\/\" class=\"wp-image-2922\" srcset=\"https:\/\/www.donbosco.cz\/wp-content\/uploads\/2023\/01\/DSC_1622-1024x577.jpg 1024w, https:\/\/www.donbosco.cz\/wp-content\/uploads\/2023\/01\/DSC_1622-300x169.jpg 300w, https:\/\/www.donbosco.cz\/wp-content\/uploads\/2023\/01\/DSC_1622-768x433.jpg 768w, https:\/\/www.donbosco.cz\/wp-content\/uploads\/2023\/01\/DSC_1622-1536x866.jpg 1536w, https:\/\/www.donbosco.cz\/wp-content\/uploads\/2023\/01\/DSC_1622-2048x1154.jpg 2048w\" sizes=\"(max-width: 767px) 89vw, (max-width: 1000px) 54vw, (max-width: 1071px) 543px, 580px\" \/><\/figure><\/li><\/ul><\/figure>\n","protected":false},"excerpt":{"rendered":"<p>V \u00fater\u00fd 24.1.2023 jsme d\u00edky \u010destn\u00fdm vstupenk\u00e1m od prezidentsk\u00e9 kancel\u00e1\u0159e mohli brzy r\u00e1no p\u0159ed otv\u00edrac\u00ed hodinou nav\u0161t\u00edvit Katedr\u00e1lu sv. V\u00edta, V\u00e1clava a Vojt\u011bcha s vystaven\u00fdmi korunova\u010dn\u00edmi klenoty a lebkou sv. V\u00e1clava. Za nezapomenuteln\u00fd z\u00e1\u017eitek d\u011bkuj\u00ed \u017e\u00e1ci 7.,8. a 9. ro\u010dn\u00edku se sv\u00fdmi pedagogy.<\/p>\n","protected":false},"author":5,"featured_media":0,"comment_status":"closed","ping_status":"","sticky":false,"template":"","format":"standard","meta":[],"categories":[8,1],"tags":[],"_links":{"self":[{"href":"https:\/\/www.donbosco.cz\/index.php\/wp-json\/wp\/v2\/posts\/2925"}],"collection":[{"href":"https:\/\/www.donbosco.cz\/index.php\/wp-json\/wp\/v2\/posts"}],"about":[{"href":"https:\/\/www.donbosco.cz\/index.php\/wp-json\/wp\/v2\/types\/post"}],"author":[{"embeddable":true,"href":"https:\/\/www.donbosco.cz\/index.php\/wp-json\/wp\/v2\/users\/5"}],"replies":[{"embeddable":true,"href":"https:\/\/www.donbosco.cz\/index.php\/wp-json\/wp\/v2\/comments?post=2925"}],"version-history":[{"count":1,"href":"https:\/\/www.donbosco.cz\/index.php\/wp-json\/wp\/v2\/posts\/2925\/revisions"}],"predecessor-version":[{"id":2926,"href":"https:\/\/www.donbosco.cz\/index.php\/wp-json\/wp\/v2\/posts\/2925\/revisions\/2926"}],"wp:attachment":[{"href":"https:\/\/www.donbosco.cz\/index.php\/wp-json\/wp\/v2\/media?parent=2925"}],"wp:term":[{"taxonomy":"category","embeddable":true,"href":"https:\/\/www.donbosco.cz\/index.php\/wp-json\/wp\/v2\/categories?post=2925"},{"taxonomy":"post_tag","embeddable":true,"href":"https:\/\/www.donbosco.cz\/index.php\/wp-json\/wp\/v2\/tags?post=2925"}],"curies":[{"name":"wp","href":"https:\/\/api.w.org\/{rel}","templated":true}]}}