{"id":2597,"date":"2022-08-25T06:10:37","date_gmt":"2022-08-25T06:10:37","guid":{"rendered":"https:\/\/www.donbosco.cz\/?p=2597"},"modified":"2022-08-25T06:10:37","modified_gmt":"2022-08-25T06:10:37","slug":"organizace-1-a-2-tydne-skolniho-roku-2022-2023-czsl-don-bosco","status":"publish","type":"post","link":"https:\/\/www.donbosco.cz\/index.php\/2022\/08\/25\/organizace-1-a-2-tydne-skolniho-roku-2022-2023-czsl-don-bosco\/","title":{"rendered":"Organizace 1. a 2. t\u00fddne \u0161koln\u00edho roku 2022\/2023    CZ\u0160L Don Bosco"},"content":{"rendered":"\n<p><strong>1. z\u00e1\u0159\u00ed<\/strong>     8:00 \u2013 9:00 h.     Zah\u00e1jen\u00ed \u0161koln\u00edho roku, t\u0159\u00eddn\u00ed sch\u016fzky individu\u00e1ln\u00ed \u00a0\u00a0\u00a0\u00a0\u00a0\u00a0\u00a0\u00a0\u00a0\u00a0\u00a0\u00a0\u00a0\u00a0\u00a0\u00a0\u00a0\u00a0INTERN\u00c1T\u00a0 \u00a0\u00a0\u00a0\u00a0\u00a0 \u00a0\u00a0\u00a0Sch\u016fzka s\u00a0rodi\u010di od 10:00. \u00a0<\/p>\n\n\n\n<p><strong>Ob\u011bdy 1. 9. nejsou na \u017e\u00e1dn\u00e9m pracovi\u0161ti. Vyd\u00e1v\u00e1ny budou od 2. 9. v\u00a0dob\u011b 11:40 \u2013 13:45 h. dle rozvrhu.<\/strong><\/p>\n\n\n\n<p><strong>2.z\u00e1\u0159\u00ed<\/strong>     8:00 \u2013 11:40 h.\u00a0\u00a0 Vyu\u010dov\u00e1n\u00ed \u00a0<\/p>\n\n\n\n<p><strong>1.stupe\u0148     5. 9. \u2013 9. 9.<\/strong>\u00a0\u00a0\u00a0 T\u00fdden ILP \u00a0\u00a0\u00a0\u00a0\u00a0Vyu\u010dov\u00e1n\u00ed 8:00 \u2013 11:40 h, zm\u011bna rozvrhu \u00a0\u00a0\u00a0\u00a0\u00a0\u00a0\u00a0\u00a0\u00a0\u00a0\u00a0\u00a0\u00a0\u00a0\u00a0\u00a0\u00a0\u00a0\u00a0\u00a0\u00a0\u00a0\u00a0\u00a0\u00a0\u00a0\u00a0\u00a0\u00a0\u00a0\u00a0\u00a0\u00a0\u00a0\u00a0\u00a0\u00a0\u00a0\u00a0\u00a0\u00a0\u00a0\u00a0<\/p>\n\n\n\n<p><strong>2.stupe\u0148     2. 9. \u2013 6. 9.\u00a0\u00a0\u00a0 <\/strong>Vyu\u010dov\u00e1n\u00ed \u00a0\u00a08:00 \u2013 11:40, t\u0159\u00eddnick\u00e9 pr\u00e1ce<\/p>\n\n\n\n<p><strong>Od 7. 9. vyu\u010dov\u00e1n\u00ed dle rozvrhu.<\/strong><\/p>\n\n\n\n<p><strong>DRU\u017dINA<\/strong> od 2. 9.     Rann\u00ed dru\u017eina     7:00 \u2013 8:00 h.     oba objekty<\/p>\n\n\n\n<p>                                           Odpoledn\u00ed dru\u017eina     Le\u0161ensk\u00e1 548        do 16:30 h.<\/p>\n\n\n\n<p>\u00a0\u00a0\u00a0\u00a0\u00a0\u00a0\u00a0\u00a0\u00a0\u00a0\u00a0\u00a0\u00a0\u00a0\u00a0\u00a0\u00a0\u00a0\u00a0\u00a0\u00a0\u00a0\u00a0\u00a0\u00a0\u00a0\u00a0\u00a0\u00a0\u00a0\u00a0\u00a0\u00a0\u00a0\u00a0\u00a0\u00a0\u00a0\u00a0\u00a0\u00a0\u00a0                                             Dol\u00e1kova 555\/1     do 17:00 h.\u00a0\u00a0\u00a0\u00a0\u00a0\u00a0\u00a0\u00a0\u00a0\u00a0\u00a0\u00a0\u00a0\u00a0\u00a0\u00a0\u00a0\u00a0\u00a0\u00a0<\/p>\n","protected":false},"excerpt":{"rendered":"<p>1. z\u00e1\u0159\u00ed 8:00 \u2013 9:00 h. Zah\u00e1jen\u00ed \u0161koln\u00edho roku, t\u0159\u00eddn\u00ed sch\u016fzky individu\u00e1ln\u00ed \u00a0\u00a0\u00a0\u00a0\u00a0\u00a0\u00a0\u00a0\u00a0\u00a0\u00a0\u00a0\u00a0\u00a0\u00a0\u00a0\u00a0\u00a0INTERN\u00c1T\u00a0 \u00a0\u00a0\u00a0\u00a0\u00a0 \u00a0\u00a0\u00a0Sch\u016fzka s\u00a0rodi\u010di od 10:00. \u00a0 Ob\u011bdy 1. 9. nejsou na \u017e\u00e1dn\u00e9m pracovi\u0161ti. Vyd\u00e1v\u00e1ny budou od 2. 9. v\u00a0dob\u011b 11:40 \u2013 13:45 h. dle rozvrhu. 2.z\u00e1\u0159\u00ed 8:00 \u2013 11:40 h.\u00a0\u00a0 Vyu\u010dov\u00e1n\u00ed \u00a0 1.stupe\u0148 5. 9. \u2013 9. 9.\u00a0\u00a0\u00a0 T\u00fdden ILP \u00a0\u00a0\u00a0\u00a0\u00a0Vyu\u010dov\u00e1n\u00ed 8:00 &hellip; <\/p>\n<p class=\"link-more\"><a href=\"https:\/\/www.donbosco.cz\/index.php\/2022\/08\/25\/organizace-1-a-2-tydne-skolniho-roku-2022-2023-czsl-don-bosco\/\" class=\"more-link\">Pokra\u010dovat ve \u010dten\u00ed<span class=\"screen-reader-text\"> &#8222;Organizace 1. a 2. t\u00fddne \u0161koln\u00edho roku 2022\/2023    CZ\u0160L Don Bosco&#8220;<\/span><\/a><\/p>\n","protected":false},"author":5,"featured_media":0,"comment_status":"closed","ping_status":"","sticky":false,"template":"","format":"standard","meta":[],"categories":[1],"tags":[],"_links":{"self":[{"href":"https:\/\/www.donbosco.cz\/index.php\/wp-json\/wp\/v2\/posts\/2597"}],"collection":[{"href":"https:\/\/www.donbosco.cz\/index.php\/wp-json\/wp\/v2\/posts"}],"about":[{"href":"https:\/\/www.donbosco.cz\/index.php\/wp-json\/wp\/v2\/types\/post"}],"author":[{"embeddable":true,"href":"https:\/\/www.donbosco.cz\/index.php\/wp-json\/wp\/v2\/users\/5"}],"replies":[{"embeddable":true,"href":"https:\/\/www.donbosco.cz\/index.php\/wp-json\/wp\/v2\/comments?post=2597"}],"version-history":[{"count":1,"href":"https:\/\/www.donbosco.cz\/index.php\/wp-json\/wp\/v2\/posts\/2597\/revisions"}],"predecessor-version":[{"id":2598,"href":"https:\/\/www.donbosco.cz\/index.php\/wp-json\/wp\/v2\/posts\/2597\/revisions\/2598"}],"wp:attachment":[{"href":"https:\/\/www.donbosco.cz\/index.php\/wp-json\/wp\/v2\/media?parent=2597"}],"wp:term":[{"taxonomy":"category","embeddable":true,"href":"https:\/\/www.donbosco.cz\/index.php\/wp-json\/wp\/v2\/categories?post=2597"},{"taxonomy":"post_tag","embeddable":true,"href":"https:\/\/www.donbosco.cz\/index.php\/wp-json\/wp\/v2\/tags?post=2597"}],"curies":[{"name":"wp","href":"https:\/\/api.w.org\/{rel}","templated":true}]}}