{"id":1903,"date":"2021-05-13T20:08:24","date_gmt":"2021-05-13T20:08:24","guid":{"rendered":"http:\/\/www.donbosco.cz\/?p=1903"},"modified":"2021-05-13T20:08:24","modified_gmt":"2021-05-13T20:08:24","slug":"1100-let-sv-ludmily","status":"publish","type":"post","link":"https:\/\/www.donbosco.cz\/index.php\/2021\/05\/13\/1100-let-sv-ludmily\/","title":{"rendered":"1100 let sv. Ludmily"},"content":{"rendered":"<p>V\u00e1\u017een\u00ed rodi\u010de a p\u0159\u00edznivci \u0161koly,<\/p>\n<p>n\u00e1\u0161 z\u0159izovatel, Arcibiskupstv\u00ed pra\u017esk\u00e9, nab\u00edz\u00ed ojedin\u011blou mo\u017enost, jak uct\u00edt pam\u00e1tku svat\u00e9 Ludmily, pod\u011bkovat state\u010dn\u00fdm \u017een\u00e1m, mamink\u00e1m a babi\u010dk\u00e1m za mal\u00e1 i velk\u00e1 hrdinstv\u00ed v dob\u011b pandemie a z\u00e1rove\u0148 p\u0159isp\u011bt do sb\u00edrky na v\u00fdstavbu na\u0161\u00ed nov\u00e9 logopedick\u00e9 \u0161koly v Klecanech. Ta hrd\u011b ponese jm\u00e9no svat\u00e9 Ludmily ve sv\u00e9m n\u00e1zvu. Unik\u00e1tn\u00ed \u0161perk z betonu a 22-kar\u00e1tov\u00e9ho zlata z autorsk\u00e9 d\u00edlny \u0161perka\u0159ky Eli\u0161ky Nov\u00e1kov\u00e9 za vydatn\u00e9 pomoci architekt\u016f Davida V\u00e1vry a Kl\u00e1ry N\u00e1glov\u00e9 dostane ka\u017ed\u00fd, kdo p\u0159isp\u011bje darem v minim\u00e1ln\u00ed hodnot\u011b 2500 K\u010d. Bro\u017e\u00ed bude vyrobeno pouze 1 100 \u2013 upom\u00ednka na 1100 let od smrti sv. Ludmily \/v\u00edce na www.apha.cz \/.<\/p>\n<p>Mal\u00ed i velc\u00ed z CZ\u0160L Don Bosco a M\u0160L tento kr\u00e1sn\u00fd a z\u00e1slu\u017en\u00fd projekt podporuj\u00ed a p\u0159ipojuj\u00ed se s pod\u011bkov\u00e1n\u00edm v\u0161em laskav\u00fdm, ob\u011btav\u00fdm a moudr\u00fdm \u017een\u00e1m. K\u00e9\u017e je sv. Ludmila podr\u017e\u00ed ve sv\u00e9 ochrann\u00e9 n\u00e1ru\u010di!<\/p>\n<p>V Praze 13. 5. 2021<br \/>\nMgr. Daniela \u0160pinkov\u00e1<br \/>\n\u0159editelka \u0161koly<\/p>\n<p><a href=\"http:\/\/www.donbosco.cz\/wp-content\/uploads\/2021\/05\/POD\u011aKUJME-\u017dEN\u00c1M-2.jpg\"><img loading=\"lazy\" class=\"alignnone size-large wp-image-1904\" src=\"http:\/\/www.donbosco.cz\/wp-content\/uploads\/2021\/05\/POD\u011aKUJME-\u017dEN\u00c1M-2-724x1024.jpg\" alt=\"\" width=\"525\" height=\"743\" srcset=\"https:\/\/www.donbosco.cz\/wp-content\/uploads\/2021\/05\/POD\u011aKUJME-\u017dEN\u00c1M-2-724x1024.jpg 724w, https:\/\/www.donbosco.cz\/wp-content\/uploads\/2021\/05\/POD\u011aKUJME-\u017dEN\u00c1M-2-212x300.jpg 212w, https:\/\/www.donbosco.cz\/wp-content\/uploads\/2021\/05\/POD\u011aKUJME-\u017dEN\u00c1M-2-768x1086.jpg 768w, https:\/\/www.donbosco.cz\/wp-content\/uploads\/2021\/05\/POD\u011aKUJME-\u017dEN\u00c1M-2.jpg 1414w\" sizes=\"(max-width: 525px) 100vw, 525px\" \/><\/a><\/p>\n","protected":false},"excerpt":{"rendered":"<p>V\u00e1\u017een\u00ed rodi\u010de a p\u0159\u00edznivci \u0161koly, n\u00e1\u0161 z\u0159izovatel, Arcibiskupstv\u00ed pra\u017esk\u00e9, nab\u00edz\u00ed ojedin\u011blou mo\u017enost, jak uct\u00edt pam\u00e1tku svat\u00e9 Ludmily, pod\u011bkovat state\u010dn\u00fdm \u017een\u00e1m, mamink\u00e1m a babi\u010dk\u00e1m za mal\u00e1 i velk\u00e1 hrdinstv\u00ed v dob\u011b pandemie a z\u00e1rove\u0148 p\u0159isp\u011bt do sb\u00edrky na v\u00fdstavbu na\u0161\u00ed nov\u00e9 logopedick\u00e9 \u0161koly v Klecanech. Ta hrd\u011b ponese jm\u00e9no svat\u00e9 Ludmily ve sv\u00e9m n\u00e1zvu. Unik\u00e1tn\u00ed \u0161perk &hellip; <\/p>\n<p class=\"link-more\"><a href=\"https:\/\/www.donbosco.cz\/index.php\/2021\/05\/13\/1100-let-sv-ludmily\/\" class=\"more-link\">Pokra\u010dovat ve \u010dten\u00ed<span class=\"screen-reader-text\"> &#8222;1100 let sv. Ludmily&#8220;<\/span><\/a><\/p>\n","protected":false},"author":2,"featured_media":0,"comment_status":"open","ping_status":"open","sticky":false,"template":"","format":"standard","meta":[],"categories":[1],"tags":[],"_links":{"self":[{"href":"https:\/\/www.donbosco.cz\/index.php\/wp-json\/wp\/v2\/posts\/1903"}],"collection":[{"href":"https:\/\/www.donbosco.cz\/index.php\/wp-json\/wp\/v2\/posts"}],"about":[{"href":"https:\/\/www.donbosco.cz\/index.php\/wp-json\/wp\/v2\/types\/post"}],"author":[{"embeddable":true,"href":"https:\/\/www.donbosco.cz\/index.php\/wp-json\/wp\/v2\/users\/2"}],"replies":[{"embeddable":true,"href":"https:\/\/www.donbosco.cz\/index.php\/wp-json\/wp\/v2\/comments?post=1903"}],"version-history":[{"count":1,"href":"https:\/\/www.donbosco.cz\/index.php\/wp-json\/wp\/v2\/posts\/1903\/revisions"}],"predecessor-version":[{"id":1905,"href":"https:\/\/www.donbosco.cz\/index.php\/wp-json\/wp\/v2\/posts\/1903\/revisions\/1905"}],"wp:attachment":[{"href":"https:\/\/www.donbosco.cz\/index.php\/wp-json\/wp\/v2\/media?parent=1903"}],"wp:term":[{"taxonomy":"category","embeddable":true,"href":"https:\/\/www.donbosco.cz\/index.php\/wp-json\/wp\/v2\/categories?post=1903"},{"taxonomy":"post_tag","embeddable":true,"href":"https:\/\/www.donbosco.cz\/index.php\/wp-json\/wp\/v2\/tags?post=1903"}],"curies":[{"name":"wp","href":"https:\/\/api.w.org\/{rel}","templated":true}]}}