{"id":1900,"date":"2021-04-30T14:59:00","date_gmt":"2021-04-30T14:59:00","guid":{"rendered":"http:\/\/www.donbosco.cz\/?p=1900"},"modified":"2021-04-30T14:59:00","modified_gmt":"2021-04-30T14:59:00","slug":"informace-k-provozu-czsl-don-bosco-a-msl-od-3-kvetna-2021","status":"publish","type":"post","link":"https:\/\/www.donbosco.cz\/index.php\/2021\/04\/30\/informace-k-provozu-czsl-don-bosco-a-msl-od-3-kvetna-2021\/","title":{"rendered":"Informace k provozu CZ\u0160L Don Bosco a M\u0160L od 3. kv\u011btna 2021"},"content":{"rendered":"<p>M\u0160MT v n\u00e1vaznosti na jedn\u00e1n\u00ed vl\u00e1dy \u010cR dne 29. dubna 2021 m\u011bn\u00ed n\u00e1sleduj\u00edc\u00ed:<\/p>\n<p><strong>V M\u0160 v Praze od 3. 5. 2021 se umo\u017e\u0148uje osobn\u00ed p\u0159\u00edtomnost v\u0161ech d\u011bt\u00ed bez testov\u00e1n\u00ed, v\u0161ichni pracovn\u00edci p\u0159\u00edtomn\u00ed na pracovi\u0161ti M\u0160 se testuj\u00ed povinn\u011b jedenkr\u00e1t v pracovn\u00edm t\u00fddnu.<\/strong><\/p>\n<p><strong>Preventivn\u00ed antigenn\u00ed test se v CZ\u0160L Don Bosco, kde doposud prob\u00edhalo s frekvenc\u00ed dvakr\u00e1t t\u00fddn\u011b, nov\u011b prov\u00e1d\u00ed s frekvenc\u00ed jedenkr\u00e1t t\u00fddn\u011b<\/strong> s t\u00edm, \u017ee test se provede prvn\u00ed den osobn\u00ed p\u0159\u00edtomnosti \u017e\u00e1ka ve \u0161kole v dan\u00e9m t\u00fddnu. Preventivn\u00ed test se prov\u00e1d\u00ed bezprost\u0159edn\u011b po p\u0159\u00edchodu do \u0161koly. Nebude-li \u017e\u00e1k p\u0159\u00edtomen v den term\u00ednu testov\u00e1n\u00ed ve \u0161kole, testov\u00e1n\u00ed se provede v den jeho p\u0159\u00edchodu.<\/p>\n<p><strong>Povinn\u00e9 testov\u00e1n\u00ed zam\u011bstnanc\u016f ve \u0161kol\u00e1ch je s \u00fa\u010dinnost\u00ed od 3. 5. 2021 stanoveno pouze s frekvenc\u00ed jedenkr\u00e1t v pracovn\u00edm t\u00fddnu.<\/strong><\/p>\n<p>Na z\u00e1klad\u011b po\u017eadavku ministra M\u0160MT <strong>nedo\u0161lo k ulo\u017een\u00ed povinnosti pro \u0161koly vyd\u00e1vat potvrzen\u00ed o negativn\u00edm v\u00fdsledku \u017e\u00e1k\u016f <\/strong>pro \u00fa\u010dely dolo\u017een\u00ed t\u00e9to skute\u010dnosti ve slu\u017eb\u00e1ch (nap\u0159. kade\u0159nictv\u00ed, holi\u010dstv\u00ed) nebo pro \u00fa\u010dely amat\u00e9rsk\u00e9ho sportu apod. Klient nebo sportovec (p\u0159\u00edp. jeho z\u00e1konn\u00fd z\u00e1stupce) bude dokl\u00e1dat skute\u010dnost, \u017ee byl ve \u0161kole negativn\u011b testov\u00e1n nejd\u00e9le p\u0159ed 72 hodinami \u010destn\u00fdm prohl\u00e1\u0161en\u00edm.<\/p>\n<p><strong>Informace k p\u0159ij\u00edmac\u00edm zkou\u0161k\u00e1m:<\/strong> podm\u00ednkou pro umo\u017en\u011bn\u00ed \u00fa\u010dasti \u017e\u00e1ka na zkou\u0161ce je <strong>negativn\u00ed test a \u017e\u00e1dn\u00e9 p\u0159\u00edznaky onemocn\u011bn\u00ed covid-19.<\/strong> Pro p\u0159ij\u00edmac\u00ed zkou\u0161ky na st\u0159edn\u00ed \u0161koly plat\u00ed Mimo\u0159\u00e1dn\u00e9 opat\u0159en\u00ed Ministerstva zdravotnictv\u00ed, kter\u00e9 vy\u017eaduje pro \u00fa\u010dast na p\u0159ij\u00edmac\u00edch zkou\u0161k\u00e1ch <strong>dolo\u017een\u00ed potvrzen\u00ed o negativn\u00edm v\u00fdsledku testu na covid-19, kter\u00fd nen\u00ed star\u0161\u00ed ne\u017e 7 dn\u00ed.\u00a0<\/strong>Pro \u00fa\u010dastn\u00edky p\u0159ij\u00edmac\u00ed zkou\u0161ky je dostate\u010dn\u00fdm ochrann\u00fdm prost\u0159edkem\u00a0<strong>zdravotnick\u00e1 rou\u0161ka.<\/strong><\/p>\n<p>V Praze 30. 4. 2021<br \/>\nMgr. Daniela \u0160pinkov\u00e1<br \/>\n\u0159editelka \u0161kola<\/p>\n","protected":false},"excerpt":{"rendered":"<p>M\u0160MT v n\u00e1vaznosti na jedn\u00e1n\u00ed vl\u00e1dy \u010cR dne 29. dubna 2021 m\u011bn\u00ed n\u00e1sleduj\u00edc\u00ed: V M\u0160 v Praze od 3. 5. 2021 se umo\u017e\u0148uje osobn\u00ed p\u0159\u00edtomnost v\u0161ech d\u011bt\u00ed bez testov\u00e1n\u00ed, v\u0161ichni pracovn\u00edci p\u0159\u00edtomn\u00ed na pracovi\u0161ti M\u0160 se testuj\u00ed povinn\u011b jedenkr\u00e1t v pracovn\u00edm t\u00fddnu. Preventivn\u00ed antigenn\u00ed test se v CZ\u0160L Don Bosco, kde doposud prob\u00edhalo s frekvenc\u00ed &hellip; <\/p>\n<p class=\"link-more\"><a href=\"https:\/\/www.donbosco.cz\/index.php\/2021\/04\/30\/informace-k-provozu-czsl-don-bosco-a-msl-od-3-kvetna-2021\/\" class=\"more-link\">Pokra\u010dovat ve \u010dten\u00ed<span class=\"screen-reader-text\"> &#8222;Informace k provozu CZ\u0160L Don Bosco a M\u0160L od 3. kv\u011btna 2021&#8220;<\/span><\/a><\/p>\n","protected":false},"author":2,"featured_media":0,"comment_status":"open","ping_status":"open","sticky":false,"template":"","format":"standard","meta":[],"categories":[1],"tags":[],"_links":{"self":[{"href":"https:\/\/www.donbosco.cz\/index.php\/wp-json\/wp\/v2\/posts\/1900"}],"collection":[{"href":"https:\/\/www.donbosco.cz\/index.php\/wp-json\/wp\/v2\/posts"}],"about":[{"href":"https:\/\/www.donbosco.cz\/index.php\/wp-json\/wp\/v2\/types\/post"}],"author":[{"embeddable":true,"href":"https:\/\/www.donbosco.cz\/index.php\/wp-json\/wp\/v2\/users\/2"}],"replies":[{"embeddable":true,"href":"https:\/\/www.donbosco.cz\/index.php\/wp-json\/wp\/v2\/comments?post=1900"}],"version-history":[{"count":1,"href":"https:\/\/www.donbosco.cz\/index.php\/wp-json\/wp\/v2\/posts\/1900\/revisions"}],"predecessor-version":[{"id":1901,"href":"https:\/\/www.donbosco.cz\/index.php\/wp-json\/wp\/v2\/posts\/1900\/revisions\/1901"}],"wp:attachment":[{"href":"https:\/\/www.donbosco.cz\/index.php\/wp-json\/wp\/v2\/media?parent=1900"}],"wp:term":[{"taxonomy":"category","embeddable":true,"href":"https:\/\/www.donbosco.cz\/index.php\/wp-json\/wp\/v2\/categories?post=1900"},{"taxonomy":"post_tag","embeddable":true,"href":"https:\/\/www.donbosco.cz\/index.php\/wp-json\/wp\/v2\/tags?post=1900"}],"curies":[{"name":"wp","href":"https:\/\/api.w.org\/{rel}","templated":true}]}}