{"id":1885,"date":"2021-04-08T17:15:59","date_gmt":"2021-04-08T17:15:59","guid":{"rendered":"http:\/\/www.donbosco.cz\/?p=1885"},"modified":"2021-04-09T07:57:17","modified_gmt":"2021-04-09T07:57:17","slug":"informace-pro-rodice-zaku-czs-logopedicka-don-bosco","status":"publish","type":"post","link":"https:\/\/www.donbosco.cz\/index.php\/2021\/04\/08\/informace-pro-rodice-zaku-czs-logopedicka-don-bosco\/","title":{"rendered":"Informace pro rodi\u010de \u017e\u00e1k\u016f CZ\u0160 logopedick\u00e1 Don Bosco"},"content":{"rendered":"<ul>\n<li><a href=\"https:\/\/testovani.edu.cz\/files\/testovani-letak-pro-zaky-6-4-21.pdf\"><strong>Let\u00e1k k testov\u00e1n\u00ed pro \u017e\u00e1ky<\/strong><\/a><\/li>\n<li><a href=\"https:\/\/testovani.edu.cz\/files\/testovani-letak-pro-rodice-6-4-21f.pdf\"><strong>Let\u00e1k k testov\u00e1n\u00ed pro rodi\u010de<\/strong><\/a><\/li>\n<\/ul>\n<hr \/>\n<p>Na\u0161e Z\u0160 je z\u0159\u00edzena dle \u00a7 16 odst.9 \u0161kolsk\u00e9ho z\u00e1kona, proto <strong>bude otev\u0159ena od 12. 4. 2021 pro \u017e\u00e1ky v\u0161ech ro\u010dn\u00edk\u016f p\u0159i zachov\u00e1n\u00ed p\u0159edepsan\u00fdch hygienick\u00fdch pravidel. Nov\u011b \u017e\u00e1ci mus\u00ed nosit ve v\u0161ech prostor\u00e1ch \u0161koly respir\u00e1tor bez v\u00fddechov\u00e9ho ventilu nebo alespo\u0148 chirurgickou rou\u0161ku \/nikoli rou\u0161ku textiln\u00ed!\/.<\/strong><\/p>\n<p><strong>Od 12. 4. 2021 budou \u017e\u00e1ci povinn\u011b 2x t\u00fddn\u011b (v pond\u011bl\u00ed a ve \u010dtvrtek v 8.00) testov\u00e1ni antigenn\u00edm testem LEPU.<\/strong> Je d\u016fle\u017eit\u00e9 doma d\u011btem p\u0159edem testov\u00e1n\u00ed vysv\u011btlit, pod\u00edvat se na instrukt\u00e1\u017en\u00ed video, viz odkaz na str\u00e1nky:<\/p>\n<ul>\n<li><a href=\"https:\/\/www.msmt.cz\/informace-k-provozu-skol-od-12-dubna-2021\">https:\/\/www.msmt.cz\/informace-k-provozu-skol-od-12-dubna-2021<\/a><\/li>\n<\/ul>\n<p>Dal\u0161\u00ed informace a instrukt\u00e1\u017en\u00ed video k Ag test\u016fm naleznete na webu:<\/p>\n<ul>\n<li><a href=\"https:\/\/testovani.edu.cz\/jak-na-to-ve-skole\">TESTOVANI.EDU.CZ<\/a><\/li>\n<\/ul>\n<p>Testov\u00e1n\u00ed se neprov\u00e1d\u00ed u \u017e\u00e1k\u016f, kte\u0159\u00ed onemocn\u011bn\u00ed covid-19 prod\u011blali a z\u00e1rove\u0148 neuplynulo v\u00edce ne\u017e 90 dn\u016f od jejich prvn\u00edho pozitivn\u00edho RT-PCR testu. Tuto skute\u010dnost mus\u00ed rodi\u010de prokazateln\u011b dolo\u017eit. Pokud ji nedolo\u017e\u00ed, d\u00edt\u011b se \u00fa\u010dastn\u00ed testov\u00e1n\u00ed dle harmonogramu Z\u0160.<\/p>\n<p>\u017d\u00e1k nem\u016f\u017ee b\u00fdt k testov\u00e1n\u00ed nucen, d\u016fsledkem je ale nemo\u017enost prezen\u010dn\u00edho vzd\u011bl\u00e1v\u00e1n\u00ed, \u0161kola v tomto p\u0159\u00edpad\u011b nem\u00e1 povinnost zajistit vzd\u011bl\u00e1v\u00e1n\u00ed distan\u010dn\u00ed.<\/p>\n<h2><strong>Organizace testov\u00e1n\u00ed d\u011bt\u00ed v CZ\u0160L Don Bosco<\/strong><\/h2>\n<p><strong>Testov\u00e1n\u00ed bude prov\u00e1d\u011bno ka\u017ed\u00e9 pond\u011bl\u00ed a \u010dtvrtek v 8.00 v kmenov\u00e9 u\u010debn\u011b \u017e\u00e1ka za p\u0159\u00edtomnosti pedagoga. P\u0159i testov\u00e1n\u00ed \u017e\u00e1k\u016f 1. \u2013 3. ro\u010dn\u00edku Z\u0160 mus\u00ed b\u00fdt v\u017edy p\u0159\u00edtomen rodi\u010d, kter\u00fd vlastn\u00ed odb\u011br prov\u00e1d\u00ed, tak\u017ee v dny testov\u00e1n\u00ed (PO, \u010cT) je nezbytn\u00e9 po\u010d\u00edtat s minim\u00e1ln\u011b 20 minutami setrv\u00e1n\u00ed rodi\u010de v Z\u0160.<\/strong> V individu\u00e1ln\u00edch p\u0159\u00edpadech, kdy star\u0161\u00ed testovan\u00fd \u017e\u00e1k nen\u00ed schopen prov\u00e9st test s\u00e1m (nap\u0159. z d\u016fvod\u016f fyzick\u00fdch \u010di jin\u00fdch indispozic), je tak\u00e9 mo\u017en\u00e1 asistence rodi\u010de. Rodi\u010d odch\u00e1z\u00ed a\u017e v okam\u017eiku, kdy je test jeho d\u00edt\u011bte vyhodnocen jako negativn\u00ed. V p\u0159\u00edpad\u011b pozitivn\u00edho v\u00fdsledku testu je Z\u0160 vystaveno potvrzen\u00ed, se kter\u00fdm \u017e\u00e1k odch\u00e1z\u00ed k praktick\u00e9mu l\u00e9ka\u0159i pro d\u011bti a dorost pro \u017e\u00e1danku na PCR test.<\/p>\n<p><strong>V pond\u011bl\u00ed 12.4. nebude fungovat rann\u00ed dru\u017eina, v\u0161ichni \u017e\u00e1ci nastoup\u00ed v 7.45 k \u00favodn\u00edmu otestov\u00e1n\u00ed v doprovodu rodi\u010d\u016f do sv\u00fdch t\u0159\u00edd.<\/strong><\/p>\n<p><strong>Intern\u00e1t bude v provozu rovn\u011b\u017e a\u017e od pond\u011bl\u00ed 12.4., v\u0161ichni \u017e\u00e1ci nastupuj\u00ed v 7.45 p\u0159\u00edmo do Z\u0160.<\/strong><\/p>\n<p>\u017d\u00e1k\u016fm s p\u0159\u00edznaky infek\u010dn\u00edho onemocn\u011bn\u00ed, kter\u00e9 jsou projevem chronick\u00e9ho onemocn\u011bn\u00ed, v\u010detn\u011b alergick\u00e9ho onemocn\u011bn\u00ed (r\u00fdma, ka\u0161el), je umo\u017en\u011bn vstup do \u0161koly pouze v p\u0159\u00edpad\u011b, prok\u00e1\u017ee-li, \u017ee netrp\u00ed infek\u010dn\u00ed nemoc\u00ed. Tuto skute\u010dnost potvrzuje praktick\u00fd l\u00e9ka\u0159 pro d\u011bti a dorost.<\/p>\n<p><strong>D\u011bkuji za pochopen\u00ed a spolupr\u00e1ci, s p\u0159\u00e1n\u00edm pevn\u00e9ho zdrav\u00ed<\/strong><\/p>\n<p><strong>Mgr. Daniela \u0160pinkov\u00e1, \u0159editelka \u0161koly<\/strong><\/p>\n<p><strong>V Praze 8.4. 2021<\/strong><\/p>\n<ul>\n<li><a href=\"http:\/\/www.donbosco.cz\/wp-content\/uploads\/2021\/04\/Dopisrodi\u010d\u016fmZ\u0160otev\u00edr\u00e1n\u00edtestov\u00e1n\u00ed.doc\"><strong>Dopis+rodi\u010d\u016fm+Z\u0160+otev\u00edr\u00e1n\u00ed,+testov\u00e1n\u00ed (.doc)<\/strong><\/a><\/li>\n<\/ul>\n<p>&nbsp;<\/p>\n","protected":false},"excerpt":{"rendered":"<p>Let\u00e1k k testov\u00e1n\u00ed pro \u017e\u00e1ky Let\u00e1k k testov\u00e1n\u00ed pro rodi\u010de Na\u0161e Z\u0160 je z\u0159\u00edzena dle \u00a7 16 odst.9 \u0161kolsk\u00e9ho z\u00e1kona, proto bude otev\u0159ena od 12. 4. 2021 pro \u017e\u00e1ky v\u0161ech ro\u010dn\u00edk\u016f p\u0159i zachov\u00e1n\u00ed p\u0159edepsan\u00fdch hygienick\u00fdch pravidel. Nov\u011b \u017e\u00e1ci mus\u00ed nosit ve v\u0161ech prostor\u00e1ch \u0161koly respir\u00e1tor bez v\u00fddechov\u00e9ho ventilu nebo alespo\u0148 chirurgickou rou\u0161ku \/nikoli rou\u0161ku textiln\u00ed!\/. &hellip; <\/p>\n<p class=\"link-more\"><a href=\"https:\/\/www.donbosco.cz\/index.php\/2021\/04\/08\/informace-pro-rodice-zaku-czs-logopedicka-don-bosco\/\" class=\"more-link\">Pokra\u010dovat ve \u010dten\u00ed<span class=\"screen-reader-text\"> &#8222;Informace pro rodi\u010de \u017e\u00e1k\u016f CZ\u0160 logopedick\u00e1 Don Bosco&#8220;<\/span><\/a><\/p>\n","protected":false},"author":2,"featured_media":0,"comment_status":"open","ping_status":"open","sticky":false,"template":"","format":"standard","meta":[],"categories":[1],"tags":[],"_links":{"self":[{"href":"https:\/\/www.donbosco.cz\/index.php\/wp-json\/wp\/v2\/posts\/1885"}],"collection":[{"href":"https:\/\/www.donbosco.cz\/index.php\/wp-json\/wp\/v2\/posts"}],"about":[{"href":"https:\/\/www.donbosco.cz\/index.php\/wp-json\/wp\/v2\/types\/post"}],"author":[{"embeddable":true,"href":"https:\/\/www.donbosco.cz\/index.php\/wp-json\/wp\/v2\/users\/2"}],"replies":[{"embeddable":true,"href":"https:\/\/www.donbosco.cz\/index.php\/wp-json\/wp\/v2\/comments?post=1885"}],"version-history":[{"count":5,"href":"https:\/\/www.donbosco.cz\/index.php\/wp-json\/wp\/v2\/posts\/1885\/revisions"}],"predecessor-version":[{"id":1891,"href":"https:\/\/www.donbosco.cz\/index.php\/wp-json\/wp\/v2\/posts\/1885\/revisions\/1891"}],"wp:attachment":[{"href":"https:\/\/www.donbosco.cz\/index.php\/wp-json\/wp\/v2\/media?parent=1885"}],"wp:term":[{"taxonomy":"category","embeddable":true,"href":"https:\/\/www.donbosco.cz\/index.php\/wp-json\/wp\/v2\/categories?post=1885"},{"taxonomy":"post_tag","embeddable":true,"href":"https:\/\/www.donbosco.cz\/index.php\/wp-json\/wp\/v2\/tags?post=1885"}],"curies":[{"name":"wp","href":"https:\/\/api.w.org\/{rel}","templated":true}]}}