{"id":1801,"date":"2021-03-01T18:22:16","date_gmt":"2021-03-01T18:22:16","guid":{"rendered":"http:\/\/www.donbosco.cz\/?p=1801"},"modified":"2021-03-01T18:22:16","modified_gmt":"2021-03-01T18:22:16","slug":"rozhodnuti-vlady","status":"publish","type":"post","link":"https:\/\/www.donbosco.cz\/index.php\/2021\/03\/01\/rozhodnuti-vlady\/","title":{"rendered":"Rozhodnut\u00ed vl\u00e1dy"},"content":{"rendered":"<p><strong>V\u00e1\u017een\u00ed rodi\u010de, mil\u00ed \u017e\u00e1ci, mil\u00e9 d\u011bti,<\/strong><\/p>\n<p><strong>vl\u00e1da na sv\u00e9m jedn\u00e1n\u00ed 26. \u00fanora 2021 rozhodla vzhledem k v\u00e1\u017en\u00e9 aktu\u00e1ln\u00ed epidemick\u00e9 situaci o dal\u0161\u00edch zm\u011bn\u00e1ch v provozu \u0161kol a \u0161kolsk\u00fdch za\u0159\u00edzen\u00ed od 27. \u00fanora 2021.<\/strong><strong>Ministerstvo \u0161kolstv\u00ed, ml\u00e1de\u017ee a t\u011blov\u00fdchovy vzhledem k\u00a0nep\u0159\u00edzniv\u00e9 epidemiologick\u00e9 situaci p\u0159ijala krizov\u00e9 opat\u0159en\u00ed \u010d. 200, kter\u00fdm se nad r\u00e1mec dosavadn\u00edch opat\u0159en\u00ed:\u00a0<\/strong><\/p>\n<p><strong>ZAKAZUJE OSOBN\u00cd P\u0158\u00cdTOMNOST I<\/strong>:<\/p>\n<ul>\n<li>d\u011bt\u00ed v mate\u0159sk\u00e9 \u0161kole<\/li>\n<li>\u017e\u00e1k\u016f v\u00a0z\u00e1kladn\u00edch \u0161kol\u00e1ch z\u0159\u00edzen\u00fdch podle \u00a7 16 odst. 9 \u0161kolsk\u00e9ho z\u00e1kona<\/li>\n<\/ul>\n<p>CZ\u0160L Don Bosco bude poskytovat \u017e\u00e1k\u016fm vzd\u011bl\u00e1v\u00e1n\u00ed distan\u010dn\u00edm zp\u016fsobem po skon\u010den\u00ed jarn\u00edch pr\u00e1zdnin od pond\u011bl\u00ed 8.3. 2021. V\u0161em \u017e\u00e1k\u016fm i rodi\u010d\u016fm bude zasl\u00e1n nov\u00fd manu\u00e1l k\u00a0p\u0159ihla\u0161ov\u00e1n\u00ed.<\/p>\n<p>CM\u0160L Don Boscobude poskytovatpovinn\u00e9 p\u0159ed\u0161koln\u00ed vzd\u011bl\u00e1v\u00e1n\u00ed d\u011btemdistan\u010dn\u00edm zp\u016fsobem po skon\u010den\u00ed jarn\u00edch pr\u00e1zdnin od pond\u011bl\u00ed 8.3. 2021.<\/p>\n<p>I NAD\u00c1LE JE POVOLENA P\u0158\u00cdTOMNOSTp\u0159i individu\u00e1ln\u00edch konzultac\u00edch d\u011bt\u00ed v\u00a0M\u0160 a \u017e\u00e1k\u016f v\u00a0Z\u0160.<\/p>\n<p><strong>O\u0160ET\u0158OVN\u00c9:<\/strong>\u00a0rodi\u010de najdou informace o o\u0161et\u0159ovn\u00e9m zde:\u00a0<a href=\"https:\/\/www.cssz.cz\/web\/cz\/aktualni-informace-k-osetrovnemu\"><strong>https:\/\/www.cssz.cz\/web\/cz\/aktualni-informace-k-osetrovnemu<\/strong><\/a>. Podle nov\u00fdch pravidel \u0161kola ji\u017e nevypl\u0148uje \u017e\u00e1dn\u00e9 potvrzen\u00ed.<\/p>\n<p><strong>Provoz kancel\u00e1\u0159e \u0161koly<\/strong> od 1.3. 2021: PO, ST, P\u00c1 9.00 \u2013 13.00<\/p>\n<p>Spole\u010dn\u011b si p\u0159ejeme, aby tato situace trvala co nejkrat\u0161\u00ed dobu, proto V\u00e1s v\u0161echny pros\u00edm o trp\u011blivost p\u0159i zachov\u00e1v\u00e1n\u00ed v\u0161ech sou\u010dasn\u00fdch omezen\u00ed, ale hlavn\u011b o vz\u00e1jemnou toleranci, podporu a l\u00e1sku.<\/p>\n<p>S\u00a0p\u0159\u00e1n\u00edm pevn\u00e9ho zdrav\u00ed a dobr\u00e9 mysli<\/p>\n<p>Mgr. Daniela \u0160pinkov\u00e1, \u0159editelka \u0161koly\u00a0\u00a0\u00a0\u00a0\u00a0\u00a0\u00a0\u00a0\u00a0\u00a0\u00a0\u00a0\u00a0\u00a0\u00a0\u00a0\u00a0\u00a0\u00a0\u00a0\u00a0\u00a0\u00a0\u00a0\u00a0\u00a0\u00a0\u00a0\u00a0\u00a0\u00a0\u00a0\u00a0\u00a0\u00a0\u00a0\u00a0\u00a0\u00a0\u00a0\u00a0\u00a0\u00a0\u00a0\u00a0\u00a0\u00a0\u00a0\u00a0\u00a0\u00a0\u00a0\u00a0\u00a0\u00a0\u00a0\u00a0\u00a0\u00a0 1. 3. 2021<\/p>\n<ul>\n<li><a href=\"http:\/\/www.donbosco.cz\/wp-content\/uploads\/2021\/03\/V\u00e1\u017een\u00ed-rodi\u010de.docx\"><strong>V\u00e1\u017een\u00ed rodi\u010de<\/strong><\/a><strong>\u00a0<\/strong>(.docx)<\/li>\n<\/ul>\n","protected":false},"excerpt":{"rendered":"<p>V\u00e1\u017een\u00ed rodi\u010de, mil\u00ed \u017e\u00e1ci, mil\u00e9 d\u011bti, vl\u00e1da na sv\u00e9m jedn\u00e1n\u00ed 26. \u00fanora 2021 rozhodla vzhledem k v\u00e1\u017en\u00e9 aktu\u00e1ln\u00ed epidemick\u00e9 situaci o dal\u0161\u00edch zm\u011bn\u00e1ch v provozu \u0161kol a \u0161kolsk\u00fdch za\u0159\u00edzen\u00ed od 27. \u00fanora 2021.Ministerstvo \u0161kolstv\u00ed, ml\u00e1de\u017ee a t\u011blov\u00fdchovy vzhledem k\u00a0nep\u0159\u00edzniv\u00e9 epidemiologick\u00e9 situaci p\u0159ijala krizov\u00e9 opat\u0159en\u00ed \u010d. 200, kter\u00fdm se nad r\u00e1mec dosavadn\u00edch opat\u0159en\u00ed:\u00a0 ZAKAZUJE OSOBN\u00cd P\u0158\u00cdTOMNOST &hellip; <\/p>\n<p class=\"link-more\"><a href=\"https:\/\/www.donbosco.cz\/index.php\/2021\/03\/01\/rozhodnuti-vlady\/\" class=\"more-link\">Pokra\u010dovat ve \u010dten\u00ed<span class=\"screen-reader-text\"> &#8222;Rozhodnut\u00ed vl\u00e1dy&#8220;<\/span><\/a><\/p>\n","protected":false},"author":2,"featured_media":0,"comment_status":"open","ping_status":"open","sticky":false,"template":"","format":"standard","meta":[],"categories":[1],"tags":[],"_links":{"self":[{"href":"https:\/\/www.donbosco.cz\/index.php\/wp-json\/wp\/v2\/posts\/1801"}],"collection":[{"href":"https:\/\/www.donbosco.cz\/index.php\/wp-json\/wp\/v2\/posts"}],"about":[{"href":"https:\/\/www.donbosco.cz\/index.php\/wp-json\/wp\/v2\/types\/post"}],"author":[{"embeddable":true,"href":"https:\/\/www.donbosco.cz\/index.php\/wp-json\/wp\/v2\/users\/2"}],"replies":[{"embeddable":true,"href":"https:\/\/www.donbosco.cz\/index.php\/wp-json\/wp\/v2\/comments?post=1801"}],"version-history":[{"count":1,"href":"https:\/\/www.donbosco.cz\/index.php\/wp-json\/wp\/v2\/posts\/1801\/revisions"}],"predecessor-version":[{"id":1803,"href":"https:\/\/www.donbosco.cz\/index.php\/wp-json\/wp\/v2\/posts\/1801\/revisions\/1803"}],"wp:attachment":[{"href":"https:\/\/www.donbosco.cz\/index.php\/wp-json\/wp\/v2\/media?parent=1801"}],"wp:term":[{"taxonomy":"category","embeddable":true,"href":"https:\/\/www.donbosco.cz\/index.php\/wp-json\/wp\/v2\/categories?post=1801"},{"taxonomy":"post_tag","embeddable":true,"href":"https:\/\/www.donbosco.cz\/index.php\/wp-json\/wp\/v2\/tags?post=1801"}],"curies":[{"name":"wp","href":"https:\/\/api.w.org\/{rel}","templated":true}]}}