{"id":1785,"date":"2021-01-27T10:42:03","date_gmt":"2021-01-27T10:42:03","guid":{"rendered":"http:\/\/www.donbosco.cz\/?p=1785"},"modified":"2021-05-03T13:09:31","modified_gmt":"2021-05-03T13:09:31","slug":"zapis-do-materske-skoly","status":"publish","type":"post","link":"https:\/\/www.donbosco.cz\/index.php\/2021\/01\/27\/zapis-do-materske-skoly\/","title":{"rendered":"Z\u00e1pis do mate\u0159sk\u00e9 \u0161koly"},"content":{"rendered":"<div>27. 1. 2021<\/div>\n<div><span style=\"color: #ff9900;\"><strong>Z\u00c1PIS DO MATE\u0158SK\u00c9 \u0160KOLY\u00a0<\/strong><\/span><\/div>\n<div>\u0158editelka C\u00edrkevn\u00ed z\u00e1kladn\u00ed \u0161koly logopedick\u00e9 Don Bosco a mate\u0159sk\u00e9 \u0161koly logopedick\u00e9 oznamuje, \u017ee<strong> z\u00e1pis d\u011bt\u00ed do mate\u0159sk\u00e9 \u0161koly logopedick\u00e9 pro rok 2021\/2022 se bude konat v pr\u016fb\u011bhu m\u011bs\u00edce kv\u011btna 2021 (1. &#8211; 15. 5. 2021)<\/strong> formou individu\u00e1ln\u00edch pohovor\u016f s d\u011btmi a jejich z\u00e1konn\u00fdmi z\u00e1stupci.<\/div>\n<p>&nbsp;<\/p>\n<div><strong>Evidence z\u00e1jemc\u016f o z\u00e1pis trv\u00e1 od 28. 1. do 31. 3. 2021<\/strong> telefonicky, emailem, osobn\u011b.<\/div>\n<p>&nbsp;<\/p>\n<div><strong>Z\u00e1pis se kon\u00e1 v budov\u011b mate\u0159sk\u00e9 \u0161koly na adrese: Pozna\u0148sk\u00e1 462, Praha 8. <\/strong>(term\u00edn z\u00e1pisu bude domluven telefonicky po p\u0159edchoz\u00ed registraci)<\/div>\n<p>&nbsp;<\/p>\n<div><strong>Podrobn\u011bj\u0161\u00ed informace naleznete v sekci mate\u0159sk\u00e1 \u0161kola\/pro uchaze\u010de.\u00a0<\/strong><\/div>\n","protected":false},"excerpt":{"rendered":"<p>27. 1. 2021 Z\u00c1PIS DO MATE\u0158SK\u00c9 \u0160KOLY\u00a0 \u0158editelka C\u00edrkevn\u00ed z\u00e1kladn\u00ed \u0161koly logopedick\u00e9 Don Bosco a mate\u0159sk\u00e9 \u0161koly logopedick\u00e9 oznamuje, \u017ee z\u00e1pis d\u011bt\u00ed do mate\u0159sk\u00e9 \u0161koly logopedick\u00e9 pro rok 2021\/2022 se bude konat v pr\u016fb\u011bhu m\u011bs\u00edce kv\u011btna 2021 (1. &#8211; 15. 5. 2021) formou individu\u00e1ln\u00edch pohovor\u016f s d\u011btmi a jejich z\u00e1konn\u00fdmi z\u00e1stupci. &nbsp; Evidence z\u00e1jemc\u016f o &hellip; <\/p>\n<p class=\"link-more\"><a href=\"https:\/\/www.donbosco.cz\/index.php\/2021\/01\/27\/zapis-do-materske-skoly\/\" class=\"more-link\">Pokra\u010dovat ve \u010dten\u00ed<span class=\"screen-reader-text\"> &#8222;Z\u00e1pis do mate\u0159sk\u00e9 \u0161koly&#8220;<\/span><\/a><\/p>\n","protected":false},"author":4,"featured_media":0,"comment_status":"open","ping_status":"open","sticky":false,"template":"","format":"standard","meta":[],"categories":[1],"tags":[],"_links":{"self":[{"href":"https:\/\/www.donbosco.cz\/index.php\/wp-json\/wp\/v2\/posts\/1785"}],"collection":[{"href":"https:\/\/www.donbosco.cz\/index.php\/wp-json\/wp\/v2\/posts"}],"about":[{"href":"https:\/\/www.donbosco.cz\/index.php\/wp-json\/wp\/v2\/types\/post"}],"author":[{"embeddable":true,"href":"https:\/\/www.donbosco.cz\/index.php\/wp-json\/wp\/v2\/users\/4"}],"replies":[{"embeddable":true,"href":"https:\/\/www.donbosco.cz\/index.php\/wp-json\/wp\/v2\/comments?post=1785"}],"version-history":[{"count":3,"href":"https:\/\/www.donbosco.cz\/index.php\/wp-json\/wp\/v2\/posts\/1785\/revisions"}],"predecessor-version":[{"id":1788,"href":"https:\/\/www.donbosco.cz\/index.php\/wp-json\/wp\/v2\/posts\/1785\/revisions\/1788"}],"wp:attachment":[{"href":"https:\/\/www.donbosco.cz\/index.php\/wp-json\/wp\/v2\/media?parent=1785"}],"wp:term":[{"taxonomy":"category","embeddable":true,"href":"https:\/\/www.donbosco.cz\/index.php\/wp-json\/wp\/v2\/categories?post=1785"},{"taxonomy":"post_tag","embeddable":true,"href":"https:\/\/www.donbosco.cz\/index.php\/wp-json\/wp\/v2\/tags?post=1785"}],"curies":[{"name":"wp","href":"https:\/\/api.w.org\/{rel}","templated":true}]}}