{"id":1722,"date":"2020-11-11T16:26:01","date_gmt":"2020-11-11T16:26:01","guid":{"rendered":"http:\/\/www.donbosco.cz\/?p=1722"},"modified":"2020-11-11T16:27:55","modified_gmt":"2020-11-11T16:27:55","slug":"navrat-do-skoly","status":"publish","type":"post","link":"https:\/\/www.donbosco.cz\/index.php\/2020\/11\/11\/navrat-do-skoly\/","title":{"rendered":"N\u00e1vrat do \u0161koly"},"content":{"rendered":"<p>V\u00e1\u017een\u00ed rodi\u010de, mil\u00ed \u017e\u00e1ci<\/p>\n<p>dle dne\u0161n\u00edho vyj\u00e1d\u0159en\u00ed ministra \u0161kolstv\u00ed se ve st\u0159edu 18. listopadu 2020 do \u0161kol vrac\u00ed zp\u011bt i \u017e\u00e1ci v\u0161ech ro\u010dn\u00edk\u016f \u0161kol speci\u00e1ln\u00edch. \u017d\u00e1ci se do \u0161kol vr\u00e1t\u00ed v cel\u00fdch t\u0159\u00edd\u00e1ch, nebudou se tedy rozd\u011blovat na skupiny. Ministr \u0161kolstv\u00ed d\u00e1le dodal, \u017ee budou rovn\u011b\u017e fungovat \u0161koln\u00ed dru\u017einy a j\u00eddelny. \u0160koly ale budou muset zajistit, aby nedoch\u00e1zelo k m\u00edsen\u00ed jednotliv\u00fdch kolektiv\u016f. Stejn\u00e1 t\u0159\u00edda se tedy bude spole\u010dn\u011b vyu\u010dovat, chodit na ob\u011bd i tr\u00e1vit \u010das v dru\u017ein\u011b. Budou nutn\u00e1 re\u017eimov\u00e1 opat\u0159en\u00ed. Rou\u0161ky se budou nosit ve spole\u010dn\u00fdch prostor\u00e1ch i po celou dobu v\u00fduky ve t\u0159\u00edd\u00e1ch. Povolen nebude zp\u011bv ani t\u011blocvik. Pohyb d\u011bt\u00ed na vzduchu je ale podle ministra \u0161kolstv\u00ed v\u00edtan\u00fd.<\/p>\n<p>Mgr. Daniela \u0160pinkov\u00e1, \u0159editelka \u0161koly<br \/>\nPraha 11. 11. 2020<\/p>\n<ul>\n<li><strong><a href=\"http:\/\/www.donbosco.cz\/wp-content\/uploads\/2020\/11\/N\u00e1vrat-do-\u0161koly.pdf\">N\u00e1vrat do \u0161koly(.pdf)<\/a><\/strong><\/li>\n<\/ul>\n","protected":false},"excerpt":{"rendered":"<p>V\u00e1\u017een\u00ed rodi\u010de, mil\u00ed \u017e\u00e1ci dle dne\u0161n\u00edho vyj\u00e1d\u0159en\u00ed ministra \u0161kolstv\u00ed se ve st\u0159edu 18. listopadu 2020 do \u0161kol vrac\u00ed zp\u011bt i \u017e\u00e1ci v\u0161ech ro\u010dn\u00edk\u016f \u0161kol speci\u00e1ln\u00edch. \u017d\u00e1ci se do \u0161kol vr\u00e1t\u00ed v cel\u00fdch t\u0159\u00edd\u00e1ch, nebudou se tedy rozd\u011blovat na skupiny. Ministr \u0161kolstv\u00ed d\u00e1le dodal, \u017ee budou rovn\u011b\u017e fungovat \u0161koln\u00ed dru\u017einy a j\u00eddelny. \u0160koly ale budou muset &hellip; <\/p>\n<p class=\"link-more\"><a href=\"https:\/\/www.donbosco.cz\/index.php\/2020\/11\/11\/navrat-do-skoly\/\" class=\"more-link\">Pokra\u010dovat ve \u010dten\u00ed<span class=\"screen-reader-text\"> &#8222;N\u00e1vrat do \u0161koly&#8220;<\/span><\/a><\/p>\n","protected":false},"author":2,"featured_media":0,"comment_status":"open","ping_status":"open","sticky":false,"template":"","format":"standard","meta":[],"categories":[1],"tags":[],"_links":{"self":[{"href":"https:\/\/www.donbosco.cz\/index.php\/wp-json\/wp\/v2\/posts\/1722"}],"collection":[{"href":"https:\/\/www.donbosco.cz\/index.php\/wp-json\/wp\/v2\/posts"}],"about":[{"href":"https:\/\/www.donbosco.cz\/index.php\/wp-json\/wp\/v2\/types\/post"}],"author":[{"embeddable":true,"href":"https:\/\/www.donbosco.cz\/index.php\/wp-json\/wp\/v2\/users\/2"}],"replies":[{"embeddable":true,"href":"https:\/\/www.donbosco.cz\/index.php\/wp-json\/wp\/v2\/comments?post=1722"}],"version-history":[{"count":2,"href":"https:\/\/www.donbosco.cz\/index.php\/wp-json\/wp\/v2\/posts\/1722\/revisions"}],"predecessor-version":[{"id":1725,"href":"https:\/\/www.donbosco.cz\/index.php\/wp-json\/wp\/v2\/posts\/1722\/revisions\/1725"}],"wp:attachment":[{"href":"https:\/\/www.donbosco.cz\/index.php\/wp-json\/wp\/v2\/media?parent=1722"}],"wp:term":[{"taxonomy":"category","embeddable":true,"href":"https:\/\/www.donbosco.cz\/index.php\/wp-json\/wp\/v2\/categories?post=1722"},{"taxonomy":"post_tag","embeddable":true,"href":"https:\/\/www.donbosco.cz\/index.php\/wp-json\/wp\/v2\/tags?post=1722"}],"curies":[{"name":"wp","href":"https:\/\/api.w.org\/{rel}","templated":true}]}}