{"id":1717,"date":"2020-11-03T20:48:26","date_gmt":"2020-11-03T20:48:26","guid":{"rendered":"http:\/\/www.donbosco.cz\/?p=1717"},"modified":"2020-11-03T20:48:26","modified_gmt":"2020-11-03T20:48:26","slug":"rouskovy-pozdrav-kardinala-dominika-duky","status":"publish","type":"post","link":"https:\/\/www.donbosco.cz\/index.php\/2020\/11\/03\/rouskovy-pozdrav-kardinala-dominika-duky\/","title":{"rendered":"Rou\u0161kov\u00fd pozdrav Kardin\u00e1la Dominika Duky"},"content":{"rendered":"<p><strong>Rou\u0161kov\u00fd pozdrav kardin\u00e1la Dominika Duky d\u011btem nejen z c\u00edrkevn\u00edch \u0161kol<\/strong><\/p>\n<p>Mil\u00e9 d\u011bti, \u017e\u00e1ci a \u017e\u00e1kyn\u011b, studenti a studentky, kdy\u017e jsem v\u00e1m psal letos v b\u0159eznu v prvn\u00ed vln\u011b epidemie, nikdo z n\u00e1s si jist\u011b nep\u0159\u00e1l a ani si nemyslel, \u017ee nep\u016fjdete do \u0161koly tak dlouhou dobu a \u017ee jen se do n\u00ed v z\u00e1\u0159\u00ed vr\u00e1t\u00edte, budete muset zakr\u00e1tko zase studovat na d\u00e1lku. Uplynulo jen 7 m\u011bs\u00edc\u016f a my jako bychom vstoupili do t\u00e9\u017ee \u0159eky jako na ja\u0159e. Situace ale nen\u00ed stejn\u00e1; tak, jako vstoupit dvakr\u00e1t do t\u00e9\u017ee \u0159eky nejde, ani \u010das a v\u00fdvoj ud\u00e1lost\u00ed nejde zastavit. O viru toho v\u00edme mnohem v\u00edce ne\u017e na ja\u0159e, odborn\u00edci po cel\u00e9m sv\u011bt\u011b intenzivn\u011b pracuj\u00ed na objevu vakc\u00edny a l\u00e9ku a m\u016f\u017eeme si dovolit s nad\u011bj\u00ed se t\u011b\u0161it na dobu, ve kter\u00e9, s pomoc\u00ed Bo\u017e\u00ed, p\u0159estane b\u00fdt koronavirus stra\u0161\u00e1kem. L\u00e9pe je p\u0159ipraveno i \u0161kolstv\u00ed, p\u0159echod na online v\u00fduku prob\u011bhl dob\u0159e, a tentokr\u00e1t ji\u017e ze z\u00e1kona povinn\u00e1 distan\u010dn\u00ed v\u00fduka, b\u011b\u017e\u00ed, jak m\u00e1. P\u0159izp\u016fsobili jsme se rychle, zvyk\u00e1me si na styl \u017eivota, kter\u00fd epidemie vy\u017eaduje, i kdy\u017e n\u00e1s to n\u011bkdy stoj\u00ed n\u011bjak\u00e9 to p\u0159em\u00e1h\u00e1n\u00ed.<\/p>\n<p>Obrac\u00edm se na v\u00e1s tentokr\u00e1t s p\u0159em\u00fd\u0161len\u00edm nejen nad t\u00edm, co se d\u011bje, ale zejm\u00e9na s \u00favahou o tom, kdo jsme a k\u00fdm bychom m\u011bli b\u00fdt. K\u00fdm bychom m\u011bli b\u00fdt v dob\u00e1ch dobr\u00fdch, ale i t\u011bch hor\u0161\u00edch, jako nap\u0159\u00edklad nyn\u00ed. Vy stoj\u00edte na za\u010d\u00e1tku va\u0161ich \u017eivot\u016f, hled\u00e1te smysl v\u0161eho d\u011bn\u00ed a kladete si mnoho ot\u00e1zek. Te\u010f, kdy\u017e jste mlad\u00ed, utv\u00e1\u0159\u00ed se ve v\u00e1s va\u0161e podstata, va\u0161e lidstv\u00ed a v\u00e1\u0161 vztah k Bohu. Zejm\u00e9na te\u010f se rozhoduje o tom, jac\u00ed lid\u00e9 z v\u00e1s vyrostou a na jak\u00e9 cesty se vyd\u00e1te.<\/p>\n<p>Virus je zvl\u00e1\u0161tn\u00ed nep\u0159\u00edtel, nen\u00ed vid\u011bt. Nen\u00ed to na prvn\u00ed pohled nebezpe\u010dn\u00fd voj\u00e1k se zbran\u00ed v ruce, jen\u017e stoj\u00ed p\u0159ed n\u00e1mi, kter\u00e9ho si um\u00edme dob\u0159e p\u0159edstavit a kter\u00e9mu se instinktivn\u011b rad\u011bji vyhneme. Virus \u00fato\u010d\u00ed zezadu, z\u00e1ke\u0159n\u011b, napad\u00e1 nejrad\u011bji ty nejslab\u0161\u00ed, bez varov\u00e1n\u00ed, m\u016f\u017ee b\u00fdt kdykoliv a kdekoliv. Jak s takov\u00fdm protivn\u00edkem bojovat? B\u016fh n\u00e1m dal k obran\u011b mocn\u00fd n\u00e1stroj. T\u00edm n\u00e1strojem jsou ctnosti, kter\u00e9 m\u00e1me hluboko v sob\u011b, a je na n\u00e1s, jak se o n\u011b star\u00e1me a jak je rozv\u00edj\u00edme. Jmenuj\u00ed se v\u00edra, nad\u011bje a l\u00e1ska, to jsou ctnosti bo\u017esk\u00e9, dan\u00e9 n\u00e1m samotn\u00fdm Bohem. A d\u00e1le pak ctnost moudrosti, state\u010dnosti, spravedlnosti a um\u00edrn\u011bnosti, to jsou hlavn\u00ed lidsk\u00e9 ctnosti, kter\u00e9 tak\u00e9 m\u00e1me od Boha, ale jen v z\u00e1rodku a mus\u00edme je ka\u017ed\u00fd s\u00e1m intenzivn\u011b rozv\u00edjet. V ka\u017ed\u00e9 \u017eivotn\u00ed situaci n\u00e1s prov\u00e1zej\u00ed a n\u00e1\u0161 charakter je takov\u00fd z ctnost\u00ed um\u00edchan\u00fd koktejl. V t\u00e9hle zvl\u00e1\u0161tn\u00ed koronavirov\u00e9 dob\u011b je pot\u0159eba nad t\u00edm hodn\u011b p\u0159em\u00fd\u0161let. Jak\u00fd bude v\u00e1\u0161 recept na v\u00e1\u0161 koktejl? V\u0161ichni bychom m\u011bli b\u00fdt obzvl\u00e1\u0161\u0165 v t\u00e9to dob\u011b state\u010dn\u00ed a moud\u0159\u00ed (neb\u00e1t se, ale nej\u00edt zbyte\u010dn\u011b nebezpe\u010d\u00ed v \u00fastrety), spravedliv\u00ed (d\u00e1vat ka\u017ed\u00e9mu, co mu n\u00e1le\u017e\u00ed, a konat, co je t\u0159eba; dohadov\u00e1n\u00ed, kdo za co m\u016f\u017ee a co se m\u011blo ud\u011blat d\u0159\u00edv jinak, v t\u00e9to chv\u00edli jen bere s\u00edlu a odv\u00e1d\u00ed my\u0161lenky, te\u010f p\u0159ece nen\u00ed \u010das na h\u00e1dky a jin\u00e9 boje ne\u017e s virem) a um\u00edrn\u011bn\u00ed (n\u011bkdy nen\u00ed od v\u011bci omezit s\u00e1m sebe a respektovat i n\u00e1ro\u010dn\u00e1 opat\u0159en\u00ed, kter\u00e1 jsou n\u00e1m nep\u0159\u00edjemn\u00e1). Sebeovl\u00e1d\u00e1n\u00ed je d\u016fle\u017eit\u00e9 po cel\u00fd \u017eivot a \u010dlov\u011bk \u010dasto zjist\u00ed, jak m\u00e1lo k plnohodnotn\u00e9mu \u017eivotu pot\u0159ebuje. P\u016fst m\u00e1 sv\u016fj velk\u00fd smysl. Op\u0159\u00edt se pak v\u0161ichni m\u016f\u017eeme o na\u0161i v\u00edru, nad\u011bji a l\u00e1sku. V\u017edy\u0165 B\u016fh n\u00e1s miluje tak moc, \u017ee za n\u00e1s vydal sv\u00e9ho jedin\u00e9ho syna. Nen\u00ed tedy na m\u00edst\u011b klesat na mysli, ale naopak s nad\u011bj\u00ed j\u00edt d\u00e1l a hledat a vid\u011bt to dobr\u00e9.<\/p>\n<p>http:\/\/www.apha.cz D\u011bkuji, \u017ee jste m\u016fj dopis do\u010detli a\u017e sem, budu moc r\u00e1d, kdy\u017e o n\u011bm budete p\u0159em\u00fd\u0161let. Nechci v\u00e1m to d\u00e1vat za dom\u00e1c\u00ed \u00fakol, proto\u017ee byste m\u011b nem\u011bli r\u00e1di, ale poprosit v\u00e1s o to m\u016f\u017eu. A a\u017e se vr\u00e1t\u00edte do \u0161koly, bude tam na v\u00e1s \u010dekat od n\u00e1s mal\u00e9 p\u0159ekvapen\u00ed v podob\u011b rou\u0161ek. Stejn\u011b jako k\u0159estn\u00ed rou\u0161ka byla oded\u00e1vna symbolem o\u010di\u0161t\u011bn\u00ed a nov\u00e9ho \u017eivota, i ta dne\u0161n\u00ed obli\u010dejov\u00e1 rou\u0161ka m\u016f\u017ee pro mnoho lid\u00ed znamenat v p\u0159enesen\u00e9m v\u00fdznamu tot\u00e9\u017e. Pros\u00edm, noste rou\u0161ky nejen k ochran\u011b sv\u00e9 a okol\u00ed, ale i jako symbol ctnost\u00ed, kter\u00e9 m\u00e1me od Boha a kter\u00e9 si ka\u017ed\u00fd z n\u00e1s nese v sob\u011b. Bu\u010fte state\u010dn\u00ed, spravedliv\u00ed, moud\u0159\u00ed a chovejte se um\u00edrn\u011bn\u011b. V\u00edra, nad\u011bje a l\u00e1ska v\u00e1s povedou.<\/p>\n<p style=\"text-align: right;\">Mysl\u00edm na v\u00e1s a v\u00e1m i va\u0161im bl\u00edzk\u00fdm vypro\u0161uji u Boha zdrav\u00ed a radost.<br \/>\nkardin\u00e1l Dominik Duka OP<\/p>\n<ul>\n<li><a href=\"http:\/\/www.donbosco.cz\/wp-content\/uploads\/2020\/11\/ROU\u0160KOV\u00dd-POZDRAV-KARDIN\u00c1LA-DOMINIKA-DUKY-D\u011aTEM.pdf\"><strong>ROU\u0160KOV\u00dd POZDRAV KARDIN\u00c1LA DOMINIKA DUKY D\u011aTEM (.pdf)<\/strong><\/a><strong>\u00a0<\/strong><\/li>\n<\/ul>\n<h1><span style=\"color: #993366;\"><strong>Modlitba v dob\u011b epidemie<\/strong><\/span><\/h1>\n<p><span style=\"color: #3366ff;\">Pane, dej, a\u0165 m\u00e1me v du\u0161i v\u00edru<\/span><br \/>\n<span style=\"color: #3366ff;\">a s nad\u011bj\u00ed trp\u011bliv\u011b a pokorn\u011b<\/span><br \/>\n<span style=\"color: #3366ff;\">\u010dek\u00e1me na konec epidemie.<\/span><\/p>\n<p><span style=\"color: #3366ff;\">A\u0165 na\u0161e l\u00e1ska k na\u0161im bli\u017en\u00edm pos\u00edl\u00ed na\u0161e \u010diny,<\/span><br \/>\n<span style=\"color: #3366ff;\"> kter\u00e9 je chr\u00e1n\u00eda pom\u00e1haj\u00ed jim.<\/span><\/p>\n<p><span style=\"color: #3366ff;\">Dej, a\u0165 si my i v\u0161ichni kolem n\u00e1s uv\u011bdomujeme,<\/span><br \/>\n<span style=\"color: #3366ff;\">\u017ee te\u010f nen\u00ed \u010das na h\u00e1dky a nesmysln\u00e9 obvi\u0148ov\u00e1n\u00ed<\/span><br \/>\n<span style=\"color: #3366ff;\">a \u017ee spole\u010dn\u011b d\u00edky na\u0161\u00ed state\u010dnosti,<\/span><br \/>\n<span style=\"color: #3366ff;\"> moudrosti, spravedlnosti a um\u00edrn\u011bnosti,<\/span><br \/>\n<span style=\"color: #3366ff;\">kter\u00e9 chceme s Tvoj\u00ed pomoc\u00ed rozv\u00edjet,<\/span><br \/>\n<span style=\"color: #3366ff;\">p\u0159ekon\u00e1me tyto koronavirov\u00e9 \u010dasy.<\/span><\/p>\n<p><span style=\"color: #3366ff;\">Amen.<\/span><\/p>\n<ul>\n<li><a href=\"http:\/\/www.donbosco.cz\/wp-content\/uploads\/2020\/11\/MODLITBA-V-DOB\u011a-EPIDEMIE.pdf\"><strong>MODLITBA V DOB\u011a EPIDEMIE (.pdf<\/strong>)<\/a><\/li>\n<\/ul>\n","protected":false},"excerpt":{"rendered":"<p>Rou\u0161kov\u00fd pozdrav kardin\u00e1la Dominika Duky d\u011btem nejen z c\u00edrkevn\u00edch \u0161kol Mil\u00e9 d\u011bti, \u017e\u00e1ci a \u017e\u00e1kyn\u011b, studenti a studentky, kdy\u017e jsem v\u00e1m psal letos v b\u0159eznu v prvn\u00ed vln\u011b epidemie, nikdo z n\u00e1s si jist\u011b nep\u0159\u00e1l a ani si nemyslel, \u017ee nep\u016fjdete do \u0161koly tak dlouhou dobu a \u017ee jen se do n\u00ed v z\u00e1\u0159\u00ed vr\u00e1t\u00edte, &hellip; <\/p>\n<p class=\"link-more\"><a href=\"https:\/\/www.donbosco.cz\/index.php\/2020\/11\/03\/rouskovy-pozdrav-kardinala-dominika-duky\/\" class=\"more-link\">Pokra\u010dovat ve \u010dten\u00ed<span class=\"screen-reader-text\"> &#8222;Rou\u0161kov\u00fd pozdrav Kardin\u00e1la Dominika Duky&#8220;<\/span><\/a><\/p>\n","protected":false},"author":2,"featured_media":0,"comment_status":"open","ping_status":"open","sticky":false,"template":"","format":"standard","meta":[],"categories":[1],"tags":[],"_links":{"self":[{"href":"https:\/\/www.donbosco.cz\/index.php\/wp-json\/wp\/v2\/posts\/1717"}],"collection":[{"href":"https:\/\/www.donbosco.cz\/index.php\/wp-json\/wp\/v2\/posts"}],"about":[{"href":"https:\/\/www.donbosco.cz\/index.php\/wp-json\/wp\/v2\/types\/post"}],"author":[{"embeddable":true,"href":"https:\/\/www.donbosco.cz\/index.php\/wp-json\/wp\/v2\/users\/2"}],"replies":[{"embeddable":true,"href":"https:\/\/www.donbosco.cz\/index.php\/wp-json\/wp\/v2\/comments?post=1717"}],"version-history":[{"count":1,"href":"https:\/\/www.donbosco.cz\/index.php\/wp-json\/wp\/v2\/posts\/1717\/revisions"}],"predecessor-version":[{"id":1721,"href":"https:\/\/www.donbosco.cz\/index.php\/wp-json\/wp\/v2\/posts\/1717\/revisions\/1721"}],"wp:attachment":[{"href":"https:\/\/www.donbosco.cz\/index.php\/wp-json\/wp\/v2\/media?parent=1717"}],"wp:term":[{"taxonomy":"category","embeddable":true,"href":"https:\/\/www.donbosco.cz\/index.php\/wp-json\/wp\/v2\/categories?post=1717"},{"taxonomy":"post_tag","embeddable":true,"href":"https:\/\/www.donbosco.cz\/index.php\/wp-json\/wp\/v2\/tags?post=1717"}],"curies":[{"name":"wp","href":"https:\/\/api.w.org\/{rel}","templated":true}]}}