{"id":1708,"date":"2020-10-31T08:47:55","date_gmt":"2020-10-31T08:47:55","guid":{"rendered":"http:\/\/www.donbosco.cz\/?p=1708"},"modified":"2020-10-31T08:52:00","modified_gmt":"2020-10-31T08:52:00","slug":"uzavreni-specialnich-skol","status":"publish","type":"post","link":"https:\/\/www.donbosco.cz\/index.php\/2020\/10\/31\/uzavreni-specialnich-skol\/","title":{"rendered":"Uzav\u0159en\u00ed speci\u00e1ln\u00edch \u0161kol"},"content":{"rendered":"<p><strong>V\u00e1\u017een\u00ed rodi\u010de,<\/strong><\/p>\n<p><strong>vl\u00e1da \u010cR v p\u00e1tek 30. 10. 2020 rozhodla o uzav\u0159en\u00ed speci\u00e1ln\u00edch \u0161kol. V\u00fduka na speci\u00e1ln\u00edch \u0161kol\u00e1ch bude od pond\u011bl\u00ed 2. 11. 2020 prob\u00edhat distan\u010dn\u011b, jak je uz\u00e1kon\u011bno. Snahou M\u0160MT bude tyto \u0161koly co nejd\u0159\u00edve, jakmile to epidemiologick\u00e1 situace dovol\u00ed, vr\u00e1tit do re\u017eimu prezen\u010dn\u00ed v\u00fduky. <\/strong><\/p>\n<p><strong>Pevn\u011b v\u011b\u0159\u00edm, \u017ee se n\u00e1m spole\u010dn\u00fdmi silami poda\u0159\u00ed pracovat i na d\u00e1lku a \u017ee se dok\u00e1\u017eeme i p\u0159es mo\u017en\u00e9 drobn\u00e9 technick\u00e9 pot\u00ed\u017ee postavit t\u00e9to v\u00fdzv\u011b \u010delem a v nelehk\u00e9 situaci obstoj\u00edme. D\u011bkuji V\u00e1m za ve\u0161kerou pomoc a l\u00e1sku, kterou nyn\u00ed d\u011bti pot\u0159ebuj\u00ed nejv\u00edce.<\/strong><\/p>\n<p><strong>\u00a0S\u00a0nad\u011bj\u00ed v\u00a0lep\u0161\u00ed \u010dasy a p\u0159\u00e1n\u00edm pevn\u00e9ho zdrav\u00ed<\/strong><\/p>\n<p><strong>Mgr. Daniela \u0160pinkov\u00e1, \u0159editelka \u0161koly<\/strong><br \/>\n<strong>30. 10. 2020<\/strong><\/p>\n","protected":false},"excerpt":{"rendered":"<p>V\u00e1\u017een\u00ed rodi\u010de, vl\u00e1da \u010cR v p\u00e1tek 30. 10. 2020 rozhodla o uzav\u0159en\u00ed speci\u00e1ln\u00edch \u0161kol. V\u00fduka na speci\u00e1ln\u00edch \u0161kol\u00e1ch bude od pond\u011bl\u00ed 2. 11. 2020 prob\u00edhat distan\u010dn\u011b, jak je uz\u00e1kon\u011bno. Snahou M\u0160MT bude tyto \u0161koly co nejd\u0159\u00edve, jakmile to epidemiologick\u00e1 situace dovol\u00ed, vr\u00e1tit do re\u017eimu prezen\u010dn\u00ed v\u00fduky. Pevn\u011b v\u011b\u0159\u00edm, \u017ee se n\u00e1m spole\u010dn\u00fdmi silami poda\u0159\u00ed pracovat &hellip; <\/p>\n<p class=\"link-more\"><a href=\"https:\/\/www.donbosco.cz\/index.php\/2020\/10\/31\/uzavreni-specialnich-skol\/\" class=\"more-link\">Pokra\u010dovat ve \u010dten\u00ed<span class=\"screen-reader-text\"> &#8222;Uzav\u0159en\u00ed speci\u00e1ln\u00edch \u0161kol&#8220;<\/span><\/a><\/p>\n","protected":false},"author":2,"featured_media":0,"comment_status":"open","ping_status":"open","sticky":false,"template":"","format":"standard","meta":[],"categories":[1],"tags":[],"_links":{"self":[{"href":"https:\/\/www.donbosco.cz\/index.php\/wp-json\/wp\/v2\/posts\/1708"}],"collection":[{"href":"https:\/\/www.donbosco.cz\/index.php\/wp-json\/wp\/v2\/posts"}],"about":[{"href":"https:\/\/www.donbosco.cz\/index.php\/wp-json\/wp\/v2\/types\/post"}],"author":[{"embeddable":true,"href":"https:\/\/www.donbosco.cz\/index.php\/wp-json\/wp\/v2\/users\/2"}],"replies":[{"embeddable":true,"href":"https:\/\/www.donbosco.cz\/index.php\/wp-json\/wp\/v2\/comments?post=1708"}],"version-history":[{"count":1,"href":"https:\/\/www.donbosco.cz\/index.php\/wp-json\/wp\/v2\/posts\/1708\/revisions"}],"predecessor-version":[{"id":1709,"href":"https:\/\/www.donbosco.cz\/index.php\/wp-json\/wp\/v2\/posts\/1708\/revisions\/1709"}],"wp:attachment":[{"href":"https:\/\/www.donbosco.cz\/index.php\/wp-json\/wp\/v2\/media?parent=1708"}],"wp:term":[{"taxonomy":"category","embeddable":true,"href":"https:\/\/www.donbosco.cz\/index.php\/wp-json\/wp\/v2\/categories?post=1708"},{"taxonomy":"post_tag","embeddable":true,"href":"https:\/\/www.donbosco.cz\/index.php\/wp-json\/wp\/v2\/tags?post=1708"}],"curies":[{"name":"wp","href":"https:\/\/api.w.org\/{rel}","templated":true}]}}