{"id":1700,"date":"2020-10-23T11:06:11","date_gmt":"2020-10-23T11:06:11","guid":{"rendered":"http:\/\/www.donbosco.cz\/?p=1700"},"modified":"2020-10-31T08:46:27","modified_gmt":"2020-10-31T08:46:27","slug":"1700","status":"publish","type":"post","link":"https:\/\/www.donbosco.cz\/index.php\/2020\/10\/23\/1700\/","title":{"rendered":"Chov\u00e1n\u00ed o pr\u00e1zdnin\u00e1ch"},"content":{"rendered":"<p>&nbsp;<\/p>\n<p><a href=\"http:\/\/www.donbosco.cz\/wp-content\/uploads\/2020\/10\/let\u00e1k-pro-1.-stup\u011b\u0148.jpg\"><img loading=\"lazy\" class=\"alignnone size-large wp-image-1702\" src=\"http:\/\/www.donbosco.cz\/wp-content\/uploads\/2020\/10\/let\u00e1k-pro-1.-stup\u011b\u0148-1024x724.jpg\" alt=\"\" width=\"525\" height=\"371\" srcset=\"https:\/\/www.donbosco.cz\/wp-content\/uploads\/2020\/10\/let\u00e1k-pro-1.-stup\u011b\u0148-1024x724.jpg 1024w, https:\/\/www.donbosco.cz\/wp-content\/uploads\/2020\/10\/let\u00e1k-pro-1.-stup\u011b\u0148-300x212.jpg 300w, https:\/\/www.donbosco.cz\/wp-content\/uploads\/2020\/10\/let\u00e1k-pro-1.-stup\u011b\u0148-768x543.jpg 768w\" sizes=\"(max-width: 525px) 100vw, 525px\" \/><\/a><\/p>\n<p><a href=\"http:\/\/www.donbosco.cz\/wp-content\/uploads\/2020\/10\/let\u00e1k-pro-2.-stup\u011b\u0148.jpg\"><img loading=\"lazy\" class=\"alignnone size-large wp-image-1703\" src=\"http:\/\/www.donbosco.cz\/wp-content\/uploads\/2020\/10\/let\u00e1k-pro-2.-stup\u011b\u0148-1024x724.jpg\" alt=\"\" width=\"525\" height=\"371\" srcset=\"https:\/\/www.donbosco.cz\/wp-content\/uploads\/2020\/10\/let\u00e1k-pro-2.-stup\u011b\u0148-1024x724.jpg 1024w, https:\/\/www.donbosco.cz\/wp-content\/uploads\/2020\/10\/let\u00e1k-pro-2.-stup\u011b\u0148-300x212.jpg 300w, https:\/\/www.donbosco.cz\/wp-content\/uploads\/2020\/10\/let\u00e1k-pro-2.-stup\u011b\u0148-768x543.jpg 768w\" sizes=\"(max-width: 525px) 100vw, 525px\" \/><\/a><\/p>\n<hr \/>\n<ul>\n<li><strong><a href=\"http:\/\/www.donbosco.cz\/wp-content\/uploads\/2020\/10\/dopis-PM.pdf\">dopis PM<\/a><\/strong><\/li>\n<\/ul>\n<p><em>V\u00e1\u017een\u00e1 pan\u00ed u\u010ditelko, v\u00e1\u017een\u00fd pane u\u010diteli,<\/em><\/p>\n<p><em>v sou\u010dasn\u00e9 mimo\u0159\u00e1dn\u00e9 situaci se na V\u00e1s obrac\u00edm s prosbou o pomoc. Druh\u00e1 vlna pandemie COVID-19 bude m\u00edt v\u00e1\u017en\u00e9 d\u016fsledky pro celou na\u0161i spole\u010dnost.<\/em><\/p>\n<p><em>Mrz\u00ed m\u011b, \u017ee jsme jako vl\u00e1da neud\u011blali v\u010das dostate\u010dn\u00e1 opat\u0159en\u00ed, aby k sou\u010dasn\u00e9 situaci nedo\u0161lo. Omlouv\u00e1m se, \u017ee zav\u00e1d\u00edme dal\u0161\u00ed omezuj\u00edc\u00ed opat\u0159en\u00ed, ale jsou v tuto chv\u00edli skute\u010dn\u011b nezbytn\u00e1.<\/em><\/p>\n<p><em>Vy jste opravdov\u00fdmi autoritami pro sv\u00e9 \u017e\u00e1ky, a proto bych V\u00e1s cht\u011bl po\u017e\u00e1dat, abyste jim znovu p\u0159ed pr\u00e1zdninami vysv\u011btlili opat\u0159en\u00ed, kter\u00e1 mohou v\u00e9st ke zvl\u00e1dnut\u00ed pandemie. Krizi zvl\u00e1dneme, jen pokud se z\u00e1sadn\u011b zv\u00fd\u0161\u00ed po\u010det t\u011bch, kte\u0159\u00ed budou opat\u0159en\u00ed dodr\u017eovat. Pokuste se d\u011btem, pros\u00edm, vysv\u011btlit, \u017ee i ony mohou sv\u00fdm zodpov\u011bdn\u00fdm p\u0159\u00edstupem bez nads\u00e1zky ovlivnit \u017eivot nejenom sv\u00e9 rodiny, odleh\u010dit nemocnic\u00edm a pomoci l\u00e9ka\u0159\u016fm a sest\u0159i\u010dk\u00e1m. V p\u0159\u00edloze naleznete let\u00e1k pro d\u011bti, kter\u00fd jim, pros\u00edm, roze\u0161lete. Pom\u016f\u017ee jim se v situaci zorientovat a porozum\u011bt tomu, jak mohou pomoci.<\/em><\/p>\n<p><em>V\u00edm, \u017ee sami mo\u017en\u00e1 m\u00e1te strach o sebe a sv\u00e9 bl\u00edzk\u00e9, pocit nejistoty nebo na\u0161tvanosti, ale tak\u00e9 v\u00edm, \u017ee mnoz\u00ed jste st\u00e1le optimisti\u010dt\u00ed a v\u011bnujete spoustu \u010dasu a energie tomu, abyste svou pr\u00e1ci d\u011blali co nejl\u00e9pe. Proto bych V\u00e1m cht\u011bl pod\u011bkovat za v\u0161e, co pro d\u011bti d\u011bl\u00e1te, za nasazen\u00ed se kter\u00fdm ke sv\u00e9 pr\u00e1ci a k v\u00fduce p\u0159istupujete. \u010cekaj\u00ed n\u00e1s n\u00e1ro\u010dn\u00e9 t\u00fddny, ale v\u011b\u0159\u00edm, \u017ee v\u0161ichni spole\u010dn\u011b to zvl\u00e1dneme<\/em><\/p>\n<p><em>S \u00factou<\/em><\/p>\n<p><em>Robert Plaga<\/em><\/p>\n<hr \/>\n<p>Odkazy na vhodn\u00e9 zdroje, kde se mohou u\u010ditel\u00e9 nebo rodi\u010de inspirovat, jak mluvit s d\u011btmi o coronaviru.<\/p>\n<ul>\n<li><a href=\"https:\/\/www.msmt.cz\/jak-mluvit-s-detmi-o-koronaviru-pomuze-prirucka-i-komiks\">https:\/\/www.msmt.cz\/jak-mluvit-s-detmi-o-koronaviru-pomuze-prirucka-i-komiks<\/a><\/li>\n<li><a href=\"https:\/\/koronavirus.mzcr.cz\/jak-mluvit-s-detmi-o-koronaviru-nabizime-reseni\/\">https:\/\/koronavirus.mzcr.cz\/jak-mluvit-s-detmi-o-koronaviru-nabizime-reseni\/<\/a><\/li>\n<li><a href=\"https:\/\/www.mvcr.cz\/clanek\/koronavirus-covid-19-doporuceni-ve-vztahu-k-detem.aspx\">https:\/\/www.mvcr.cz\/clanek\/koronavirus-covid-19-doporuceni-ve-vztahu-k-detem.aspx<\/a><\/li>\n<li><a href=\"https:\/\/www.mvcr.cz\/clanek\/psychologicka-pomoc-prace-s-detmi-covid-19.aspx\">https:\/\/www.mvcr.cz\/clanek\/psychologicka-pomoc-prace-s-detmi-covid-19.aspx<\/a><\/li>\n<li><a href=\"https:\/\/www.mvcr.cz\/clanek\/materialy-a-odkazy-pro-praci-s-detmi.aspx\">https:\/\/www.mvcr.cz\/clanek\/materialy-a-odkazy-pro-praci-s-detmi.aspx<\/a><\/li>\n<li><a href=\"https:\/\/decko.ceskatelevize.cz\/koronavirus\">https:\/\/decko.ceskatelevize.cz\/koronavirus<\/a><\/li>\n<li><a href=\"https:\/\/www.zspouchov.cz\/files\/1452_jak-mluvit-s-dtmi-o-koronaviru-final.pdf\">https:\/\/www.zspouchov.cz\/files\/1452_jak-mluvit-s-dtmi-o-koronaviru-final.pdf<\/a><\/li>\n<li><a href=\"https:\/\/www.fnol.cz\/kliniky-ustavy-oddeleni\/oddeleni-klinicke-psychologie\/jak-mluvit-s-detmi-o-koronaviru\">https:\/\/www.fnol.cz\/kliniky-ustavy-oddeleni\/oddeleni-klinicke-psychologie\/jak-mluvit-s-detmi-o-koronaviru<\/a><\/li>\n<li><a href=\"https:\/\/psych.fss.muni.cz\/media\/3219193\/jak-mluvit-o-soucasne-situaci-s-detmi.pd\">https:\/\/psych.fss.muni.cz\/media\/3219193\/jak-mluvit-o-soucasne-situaci-s-detmi.pd<\/a><\/li>\n<\/ul>\n","protected":false},"excerpt":{"rendered":"<p>&nbsp; dopis PM V\u00e1\u017een\u00e1 pan\u00ed u\u010ditelko, v\u00e1\u017een\u00fd pane u\u010diteli, v sou\u010dasn\u00e9 mimo\u0159\u00e1dn\u00e9 situaci se na V\u00e1s obrac\u00edm s prosbou o pomoc. Druh\u00e1 vlna pandemie COVID-19 bude m\u00edt v\u00e1\u017en\u00e9 d\u016fsledky pro celou na\u0161i spole\u010dnost. Mrz\u00ed m\u011b, \u017ee jsme jako vl\u00e1da neud\u011blali v\u010das dostate\u010dn\u00e1 opat\u0159en\u00ed, aby k sou\u010dasn\u00e9 situaci nedo\u0161lo. Omlouv\u00e1m se, \u017ee zav\u00e1d\u00edme dal\u0161\u00ed omezuj\u00edc\u00ed opat\u0159en\u00ed, &hellip; <\/p>\n<p class=\"link-more\"><a href=\"https:\/\/www.donbosco.cz\/index.php\/2020\/10\/23\/1700\/\" class=\"more-link\">Pokra\u010dovat ve \u010dten\u00ed<span class=\"screen-reader-text\"> &#8222;Chov\u00e1n\u00ed o pr\u00e1zdnin\u00e1ch&#8220;<\/span><\/a><\/p>\n","protected":false},"author":2,"featured_media":0,"comment_status":"open","ping_status":"open","sticky":false,"template":"","format":"standard","meta":[],"categories":[1],"tags":[],"_links":{"self":[{"href":"https:\/\/www.donbosco.cz\/index.php\/wp-json\/wp\/v2\/posts\/1700"}],"collection":[{"href":"https:\/\/www.donbosco.cz\/index.php\/wp-json\/wp\/v2\/posts"}],"about":[{"href":"https:\/\/www.donbosco.cz\/index.php\/wp-json\/wp\/v2\/types\/post"}],"author":[{"embeddable":true,"href":"https:\/\/www.donbosco.cz\/index.php\/wp-json\/wp\/v2\/users\/2"}],"replies":[{"embeddable":true,"href":"https:\/\/www.donbosco.cz\/index.php\/wp-json\/wp\/v2\/comments?post=1700"}],"version-history":[{"count":3,"href":"https:\/\/www.donbosco.cz\/index.php\/wp-json\/wp\/v2\/posts\/1700\/revisions"}],"predecessor-version":[{"id":1707,"href":"https:\/\/www.donbosco.cz\/index.php\/wp-json\/wp\/v2\/posts\/1700\/revisions\/1707"}],"wp:attachment":[{"href":"https:\/\/www.donbosco.cz\/index.php\/wp-json\/wp\/v2\/media?parent=1700"}],"wp:term":[{"taxonomy":"category","embeddable":true,"href":"https:\/\/www.donbosco.cz\/index.php\/wp-json\/wp\/v2\/categories?post=1700"},{"taxonomy":"post_tag","embeddable":true,"href":"https:\/\/www.donbosco.cz\/index.php\/wp-json\/wp\/v2\/tags?post=1700"}],"curies":[{"name":"wp","href":"https:\/\/api.w.org\/{rel}","templated":true}]}}