{"id":1666,"date":"2020-09-24T07:32:06","date_gmt":"2020-09-24T07:32:06","guid":{"rendered":"http:\/\/www.donbosco.cz\/?p=1666"},"modified":"2020-09-24T07:32:06","modified_gmt":"2020-09-24T07:32:06","slug":"navsteva-architekta","status":"publish","type":"post","link":"https:\/\/www.donbosco.cz\/index.php\/2020\/09\/24\/navsteva-architekta\/","title":{"rendered":"N\u00e1v\u0161t\u011bva architekta"},"content":{"rendered":"<p>V pond\u011bl\u00ed 21.9.2020 n\u00e1s nav\u0161t\u00edvila\u00a0 architektka Kl\u00e1ra N\u00e1glov\u00e1 a p\u0159ivedla vz\u00e1cn\u00e9ho hosta, pana architekta Davida V\u00e1vru. Pr\u00e1v\u011b on navrhuje v\u00fdjime\u010dnou kapli sv. Ludmily, kter\u00e1 se stane srdcem na\u0161\u00ed nov\u00e9 \u0161koly v Klecanech. Jej\u00ed st\u011bny bude tvo\u0159it 5 000 kulat\u00fdch barevn\u00fdch vitr\u00e1\u017e\u00ed s motivy a symboly ze \u017eivota sv. Ludmily a\u00a0doby, ve kter\u00e9 \u017eila. I na\u0161i \u017e\u00e1ci\u00a0 budou m\u00edt mo\u017enost uplatnit sv\u00e9 n\u00e1pady a vyrobit origin\u00e1ln\u00ed vitr\u00e1\u017ee. Kopie nab\u00eddneme k prodeji v\u0161em, kte\u0159\u00ed budou cht\u00edt p\u0159isp\u011bt na stavbu \u0161koly.<\/p>\n<div style=\"width: 525px;\" class=\"wp-video\"><!--[if lt IE 9]><script>document.createElement('video');<\/script><![endif]-->\n<video class=\"wp-video-shortcode\" id=\"video-1666-1\" width=\"525\" height=\"295\" preload=\"metadata\" controls=\"controls\"><source type=\"video\/mp4\" src=\"http:\/\/www.donbosco.cz\/wp-content\/uploads\/2020\/09\/MOV_4923.mp4?_=1\" \/><a href=\"http:\/\/www.donbosco.cz\/wp-content\/uploads\/2020\/09\/MOV_4923.mp4\">http:\/\/www.donbosco.cz\/wp-content\/uploads\/2020\/09\/MOV_4923.mp4<\/a><\/video><\/div>\n<p><a href=\"http:\/\/www.donbosco.cz\/wp-content\/uploads\/2020\/09\/DSC_4912.jpg\"><img loading=\"lazy\" class=\"alignnone size-large wp-image-1667\" src=\"http:\/\/www.donbosco.cz\/wp-content\/uploads\/2020\/09\/DSC_4912-1024x768.jpg\" alt=\"\" width=\"525\" height=\"394\" srcset=\"https:\/\/www.donbosco.cz\/wp-content\/uploads\/2020\/09\/DSC_4912-1024x768.jpg 1024w, https:\/\/www.donbosco.cz\/wp-content\/uploads\/2020\/09\/DSC_4912-300x225.jpg 300w, https:\/\/www.donbosco.cz\/wp-content\/uploads\/2020\/09\/DSC_4912-768x576.jpg 768w\" sizes=\"(max-width: 525px) 100vw, 525px\" \/><\/a> <a href=\"http:\/\/www.donbosco.cz\/wp-content\/uploads\/2020\/09\/DSC_4919.jpg\"><img loading=\"lazy\" class=\"alignnone size-large wp-image-1668\" src=\"http:\/\/www.donbosco.cz\/wp-content\/uploads\/2020\/09\/DSC_4919-1024x768.jpg\" alt=\"\" width=\"525\" height=\"394\" srcset=\"https:\/\/www.donbosco.cz\/wp-content\/uploads\/2020\/09\/DSC_4919-1024x768.jpg 1024w, https:\/\/www.donbosco.cz\/wp-content\/uploads\/2020\/09\/DSC_4919-300x225.jpg 300w, https:\/\/www.donbosco.cz\/wp-content\/uploads\/2020\/09\/DSC_4919-768x576.jpg 768w\" sizes=\"(max-width: 525px) 100vw, 525px\" \/><\/a> <a href=\"http:\/\/www.donbosco.cz\/wp-content\/uploads\/2020\/09\/DSC_4921.jpg\"><img loading=\"lazy\" class=\"alignnone size-large wp-image-1669\" src=\"http:\/\/www.donbosco.cz\/wp-content\/uploads\/2020\/09\/DSC_4921-1024x768.jpg\" alt=\"\" width=\"525\" height=\"394\" srcset=\"https:\/\/www.donbosco.cz\/wp-content\/uploads\/2020\/09\/DSC_4921-1024x768.jpg 1024w, https:\/\/www.donbosco.cz\/wp-content\/uploads\/2020\/09\/DSC_4921-300x225.jpg 300w, https:\/\/www.donbosco.cz\/wp-content\/uploads\/2020\/09\/DSC_4921-768x576.jpg 768w\" sizes=\"(max-width: 525px) 100vw, 525px\" \/><\/a> <a href=\"http:\/\/www.donbosco.cz\/wp-content\/uploads\/2020\/09\/DSC_4929.jpg\"><img loading=\"lazy\" class=\"alignnone size-large wp-image-1670\" src=\"http:\/\/www.donbosco.cz\/wp-content\/uploads\/2020\/09\/DSC_4929-1024x768.jpg\" alt=\"\" width=\"525\" height=\"394\" srcset=\"https:\/\/www.donbosco.cz\/wp-content\/uploads\/2020\/09\/DSC_4929-1024x768.jpg 1024w, https:\/\/www.donbosco.cz\/wp-content\/uploads\/2020\/09\/DSC_4929-300x225.jpg 300w, https:\/\/www.donbosco.cz\/wp-content\/uploads\/2020\/09\/DSC_4929-768x576.jpg 768w\" sizes=\"(max-width: 525px) 100vw, 525px\" \/><\/a><\/p>\n","protected":false},"excerpt":{"rendered":"<p>V pond\u011bl\u00ed 21.9.2020 n\u00e1s nav\u0161t\u00edvila\u00a0 architektka Kl\u00e1ra N\u00e1glov\u00e1 a p\u0159ivedla vz\u00e1cn\u00e9ho hosta, pana architekta Davida V\u00e1vru. Pr\u00e1v\u011b on navrhuje v\u00fdjime\u010dnou kapli sv. Ludmily, kter\u00e1 se stane srdcem na\u0161\u00ed nov\u00e9 \u0161koly v Klecanech. Jej\u00ed st\u011bny bude tvo\u0159it 5 000 kulat\u00fdch barevn\u00fdch vitr\u00e1\u017e\u00ed s motivy a symboly ze \u017eivota sv. Ludmily a\u00a0doby, ve kter\u00e9 \u017eila. I na\u0161i &hellip; <\/p>\n<p class=\"link-more\"><a href=\"https:\/\/www.donbosco.cz\/index.php\/2020\/09\/24\/navsteva-architekta\/\" class=\"more-link\">Pokra\u010dovat ve \u010dten\u00ed<span class=\"screen-reader-text\"> &#8222;N\u00e1v\u0161t\u011bva architekta&#8220;<\/span><\/a><\/p>\n","protected":false},"author":2,"featured_media":0,"comment_status":"open","ping_status":"open","sticky":false,"template":"","format":"standard","meta":[],"categories":[1],"tags":[],"_links":{"self":[{"href":"https:\/\/www.donbosco.cz\/index.php\/wp-json\/wp\/v2\/posts\/1666"}],"collection":[{"href":"https:\/\/www.donbosco.cz\/index.php\/wp-json\/wp\/v2\/posts"}],"about":[{"href":"https:\/\/www.donbosco.cz\/index.php\/wp-json\/wp\/v2\/types\/post"}],"author":[{"embeddable":true,"href":"https:\/\/www.donbosco.cz\/index.php\/wp-json\/wp\/v2\/users\/2"}],"replies":[{"embeddable":true,"href":"https:\/\/www.donbosco.cz\/index.php\/wp-json\/wp\/v2\/comments?post=1666"}],"version-history":[{"count":1,"href":"https:\/\/www.donbosco.cz\/index.php\/wp-json\/wp\/v2\/posts\/1666\/revisions"}],"predecessor-version":[{"id":1672,"href":"https:\/\/www.donbosco.cz\/index.php\/wp-json\/wp\/v2\/posts\/1666\/revisions\/1672"}],"wp:attachment":[{"href":"https:\/\/www.donbosco.cz\/index.php\/wp-json\/wp\/v2\/media?parent=1666"}],"wp:term":[{"taxonomy":"category","embeddable":true,"href":"https:\/\/www.donbosco.cz\/index.php\/wp-json\/wp\/v2\/categories?post=1666"},{"taxonomy":"post_tag","embeddable":true,"href":"https:\/\/www.donbosco.cz\/index.php\/wp-json\/wp\/v2\/tags?post=1666"}],"curies":[{"name":"wp","href":"https:\/\/api.w.org\/{rel}","templated":true}]}}