{"id":1637,"date":"2020-09-17T10:50:14","date_gmt":"2020-09-17T10:50:14","guid":{"rendered":"http:\/\/www.donbosco.cz\/?p=1637"},"modified":"2020-09-17T11:23:05","modified_gmt":"2020-09-17T11:23:05","slug":"omezeni-vstupu-do-czsl-don-bosco-dolakova-555-1","status":"publish","type":"post","link":"https:\/\/www.donbosco.cz\/index.php\/2020\/09\/17\/omezeni-vstupu-do-czsl-don-bosco-dolakova-555-1\/","title":{"rendered":"Omezen\u00ed vstupu do CZ\u0160L Don Bosco Dol\u00e1kova 555\/1"},"content":{"rendered":"<p>V\u00e1\u017een\u00ed rodi\u010de,<\/p>\n<p><span style=\"color: #800000;\">od \u00fater\u00fd 22.9. do st\u0159edy 30.9. 2020 se bude v are\u00e1lu Z\u0160 Dol\u00e1kova 555 opravovat porucha d\u00e1lkov\u00e9 teplovodn\u00ed p\u0159\u00edpojky.<\/span> <strong>Cesta do \u0161koly z parkovi\u0161t\u011b nebude mo\u017en\u00e1<\/strong>, vchod pro CZ\u0160L Don Bosco bude brankou p\u0159es h\u0159i\u0161t\u011b z Fe\u0159tekovy ulice. Do hlavn\u00ed budovy se odtud \u017e\u00e1ci a u\u010ditel\u00e9 dostanou vstupem p\u0159es bo\u010dn\u00ed k\u0159\u00eddlo Z\u0160 Dol\u00e1kova. Do Dome\u010dku bude vyzna\u010dena pro \u017e\u00e1ky, u\u010ditele a rodi\u010de cesta p\u0159es h\u0159i\u0161t\u011b.<\/p>\n<p><a href=\"http:\/\/www.donbosco.cz\/wp-content\/uploads\/2020\/09\/mapka-e1600341739653.png\"><img loading=\"lazy\" class=\"alignnone size-full wp-image-1645\" src=\"http:\/\/www.donbosco.cz\/wp-content\/uploads\/2020\/09\/mapka-e1600341739653.png\" alt=\"\" width=\"639\" height=\"499\" srcset=\"https:\/\/www.donbosco.cz\/wp-content\/uploads\/2020\/09\/mapka-e1600341739653.png 639w, https:\/\/www.donbosco.cz\/wp-content\/uploads\/2020\/09\/mapka-e1600341739653-300x234.png 300w\" sizes=\"(max-width: 639px) 100vw, 639px\" \/><\/a><\/p>\n<p>Douf\u00e1m, \u017ee i toto kr\u00e1tkodob\u00e9 omezen\u00ed spole\u010dn\u00fdmi silami zvl\u00e1dneme.<\/p>\n<p>17.9. 2020 Mgr. Daniela \u0160pinkov\u00e1, \u0159editelka \u0161koly<\/p>\n","protected":false},"excerpt":{"rendered":"<p>V\u00e1\u017een\u00ed rodi\u010de, od \u00fater\u00fd 22.9. do st\u0159edy 30.9. 2020 se bude v are\u00e1lu Z\u0160 Dol\u00e1kova 555 opravovat porucha d\u00e1lkov\u00e9 teplovodn\u00ed p\u0159\u00edpojky. Cesta do \u0161koly z parkovi\u0161t\u011b nebude mo\u017en\u00e1, vchod pro CZ\u0160L Don Bosco bude brankou p\u0159es h\u0159i\u0161t\u011b z Fe\u0159tekovy ulice. Do hlavn\u00ed budovy se odtud \u017e\u00e1ci a u\u010ditel\u00e9 dostanou vstupem p\u0159es bo\u010dn\u00ed k\u0159\u00eddlo Z\u0160 Dol\u00e1kova. &hellip; <\/p>\n<p class=\"link-more\"><a href=\"https:\/\/www.donbosco.cz\/index.php\/2020\/09\/17\/omezeni-vstupu-do-czsl-don-bosco-dolakova-555-1\/\" class=\"more-link\">Pokra\u010dovat ve \u010dten\u00ed<span class=\"screen-reader-text\"> &#8222;Omezen\u00ed vstupu do CZ\u0160L Don Bosco Dol\u00e1kova 555\/1&#8220;<\/span><\/a><\/p>\n","protected":false},"author":2,"featured_media":0,"comment_status":"open","ping_status":"open","sticky":false,"template":"","format":"standard","meta":[],"categories":[1],"tags":[],"_links":{"self":[{"href":"https:\/\/www.donbosco.cz\/index.php\/wp-json\/wp\/v2\/posts\/1637"}],"collection":[{"href":"https:\/\/www.donbosco.cz\/index.php\/wp-json\/wp\/v2\/posts"}],"about":[{"href":"https:\/\/www.donbosco.cz\/index.php\/wp-json\/wp\/v2\/types\/post"}],"author":[{"embeddable":true,"href":"https:\/\/www.donbosco.cz\/index.php\/wp-json\/wp\/v2\/users\/2"}],"replies":[{"embeddable":true,"href":"https:\/\/www.donbosco.cz\/index.php\/wp-json\/wp\/v2\/comments?post=1637"}],"version-history":[{"count":4,"href":"https:\/\/www.donbosco.cz\/index.php\/wp-json\/wp\/v2\/posts\/1637\/revisions"}],"predecessor-version":[{"id":1646,"href":"https:\/\/www.donbosco.cz\/index.php\/wp-json\/wp\/v2\/posts\/1637\/revisions\/1646"}],"wp:attachment":[{"href":"https:\/\/www.donbosco.cz\/index.php\/wp-json\/wp\/v2\/media?parent=1637"}],"wp:term":[{"taxonomy":"category","embeddable":true,"href":"https:\/\/www.donbosco.cz\/index.php\/wp-json\/wp\/v2\/categories?post=1637"},{"taxonomy":"post_tag","embeddable":true,"href":"https:\/\/www.donbosco.cz\/index.php\/wp-json\/wp\/v2\/tags?post=1637"}],"curies":[{"name":"wp","href":"https:\/\/api.w.org\/{rel}","templated":true}]}}